{"id":911,"date":"2025-03-21T09:29:32","date_gmt":"2025-03-21T08:29:32","guid":{"rendered":"https:\/\/villagesaintjoseph.org\/laudato-si\/?p=911"},"modified":"2025-03-21T09:29:32","modified_gmt":"2025-03-21T08:29:32","slug":"saint-joseph-2025","status":"publish","type":"post","link":"https:\/\/villagesaintjoseph.org\/laudato-si\/saint-joseph-2025\/","title":{"rendered":"Saint Joseph &#8211; 2025"},"content":{"rendered":"\n<p>Le 19 mars marque la c\u00e9l\u00e9bration de la Saint-Joseph, une journ\u00e9e particuli\u00e8rement importante pour tous ceux qui trouvent en lui un mod\u00e8le de d\u00e9vouement et d&rsquo;humilit\u00e9. Saint Joseph, p\u00e8re nourricier de J\u00e9sus et protecteur des familles, est aussi le patron des travailleurs et des personnes dans le besoin.<\/p>\n\n\n\n<p>Cette f\u00eate est l&rsquo;occasion de rappeler l&rsquo;importance des valeurs de bienveillance, de travail et de soutien mutuel. <\/p>\n\n\n\n<p>En cette journ\u00e9e sp\u00e9ciale, la maison Laudato Si tient \u00e0 exprimer ses v\u0153ux les plus sinc\u00e8res \u00e0 toutes les familles, aux travailleurs et \u00e0 ceux qui cherchent du r\u00e9confort. Que Saint Joseph vous accompagne dans votre cheminement, vous apporte la paix, la force et l&rsquo;esp\u00e9rance.<\/p>\n\n\n\n<p>Nous profitons de cette occasion pour remercier tous ceux qui, par leur engagement et leur g\u00e9n\u00e9rosit\u00e9, participent \u00e0 notre mission d&rsquo;accueil et de soutien. Que cette f\u00eate soit pour chacun un moment de partage et de renouveau.<\/p>\n\n\n\n<p><strong>Bonne f\u00eate de la Saint-Joseph !<\/strong><\/p>\n\n\n\n<figure class=\"wp-block-video\"><video height=\"1080\" style=\"aspect-ratio: 1920 \/ 1080;\" width=\"1920\" controls src=\"https:\/\/villagesaintjoseph.org\/laudato-si\/wp-content\/uploads\/sites\/4\/2025\/03\/BELLE-FETE-DE-LA-SAINT.mp4\"><\/video><\/figure>\n","protected":false},"excerpt":{"rendered":"<p>Le 19 mars marque la c\u00e9l\u00e9bration de la Saint-Joseph, une journ\u00e9e particuli\u00e8rement importante pour tous ceux qui trouvent en lui un mod\u00e8le de d\u00e9vouement et d&rsquo;humilit\u00e9. Saint Joseph, p\u00e8re nourricier de J\u00e9sus et protecteur des familles, est aussi le patron des travailleurs et des personnes dans le besoin. Cette f\u00eate est l&rsquo;occasion de rappeler l&rsquo;importance [&hellip;]<\/p>\n","protected":false},"author":14,"featured_media":914,"comment_status":"closed","ping_status":"closed","sticky":false,"template":"","format":"standard","meta":{"inline_featured_image":false,"footnotes":""},"categories":[4],"class_list":["post-911","post","type-post","status-publish","format-standard","has-post-thumbnail","hentry","category-actualites"],"acf":[],"yoast_head":"<!-- This site is optimized with the Yoast SEO plugin v27.5 - https:\/\/yoast.com\/product\/yoast-seo-wordpress\/ -->\n<title>Saint Joseph - 2025 - Maison de Laudato Si<\/title>\n<meta name=\"description\" content=\"Le 19 mars marque la c\u00e9l\u00e9bration de la Saint-Joseph, une journ\u00e9e particuli\u00e8rement importante pour tous ceux qui trouvent en lui un mod\u00e8le de d\u00e9vouement et \u00c0 l\u2019occasion de la Saint-Joseph, la maison Laudato Si vous adresse ses v\u0153ux les plus sinc\u00e8res de paix, de force et d\u2019esp\u00e9rance. Que cette f\u00eate soit pour chacun un moment de partage et de solidarit\u00e9.\" \/>\n<meta name=\"robots\" content=\"index, follow, max-snippet:-1, max-image-preview:large, max-video-preview:-1\" \/>\n<link rel=\"canonical\" href=\"https:\/\/villagesaintjoseph.org\/laudato-si\/saint-joseph-2025\/\" \/>\n<meta property=\"og:locale\" content=\"fr_FR\" \/>\n<meta property=\"og:type\" content=\"article\" \/>\n<meta property=\"og:title\" content=\"Saint Joseph - 2025 - Maison de Laudato Si\" \/>\n<meta property=\"og:description\" content=\"Le 19 mars marque la c\u00e9l\u00e9bration de la Saint-Joseph, une journ\u00e9e particuli\u00e8rement importante pour tous ceux qui trouvent en lui un mod\u00e8le de d\u00e9vouement et \u00c0 l\u2019occasion de la Saint-Joseph, la maison Laudato Si vous adresse ses v\u0153ux les plus sinc\u00e8res de paix, de force et d\u2019esp\u00e9rance. Que cette f\u00eate soit pour chacun un moment de partage et de solidarit\u00e9.\" \/>\n<meta property=\"og:url\" content=\"https:\/\/villagesaintjoseph.org\/laudato-si\/saint-joseph-2025\/\" \/>\n<meta property=\"og:site_name\" content=\"Maison de Laudato Si\" \/>\n<meta property=\"article:published_time\" content=\"2025-03-21T08:29:32+00:00\" \/>\n<meta property=\"og:image\" content=\"https:\/\/villagesaintjoseph.org\/laudato-si\/wp-content\/uploads\/sites\/4\/2025\/03\/Screenshot-2025-03-21-at-09.16.43.png\" \/>\n\t<meta property=\"og:image:width\" content=\"816\" \/>\n\t<meta property=\"og:image:height\" content=\"814\" \/>\n\t<meta property=\"og:image:type\" content=\"image\/png\" \/>\n<meta name=\"author\" content=\"morgane\" \/>\n<meta name=\"twitter:card\" content=\"summary_large_image\" \/>\n<meta name=\"twitter:label1\" content=\"\u00c9crit par\" \/>\n\t<meta name=\"twitter:data1\" content=\"morgane\" \/>\n\t<meta name=\"twitter:label2\" content=\"Dur\u00e9e de lecture estim\u00e9e\" \/>\n\t<meta name=\"twitter:data2\" content=\"1 minute\" \/>\n<script type=\"application\/ld+json\" class=\"yoast-schema-graph\">{\"@context\":\"https:\\\/\\\/schema.org\",\"@graph\":[{\"@type\":\"Article\",\"@id\":\"https:\\\/\\\/villagesaintjoseph.org\\\/laudato-si\\\/saint-joseph-2025\\\/#article\",\"isPartOf\":{\"@id\":\"https:\\\/\\\/villagesaintjoseph.org\\\/laudato-si\\\/saint-joseph-2025\\\/\"},\"author\":{\"name\":\"morgane\",\"@id\":\"https:\\\/\\\/villagesaintjoseph.org\\\/laudato-si\\\/#\\\/schema\\\/person\\\/e01c4a7fd77b1ad2827753f8ee6d2096\"},\"headline\":\"Saint Joseph &#8211; 2025\",\"datePublished\":\"2025-03-21T08:29:32+00:00\",\"mainEntityOfPage\":{\"@id\":\"https:\\\/\\\/villagesaintjoseph.org\\\/laudato-si\\\/saint-joseph-2025\\\/\"},\"wordCount\":169,\"image\":{\"@id\":\"https:\\\/\\\/villagesaintjoseph.org\\\/laudato-si\\\/saint-joseph-2025\\\/#primaryimage\"},\"thumbnailUrl\":\"https:\\\/\\\/villagesaintjoseph.org\\\/laudato-si\\\/wp-content\\\/uploads\\\/sites\\\/4\\\/2025\\\/03\\\/Screenshot-2025-03-21-at-09.16.43.png\",\"articleSection\":[\"Actualit\u00e9s\"],\"inLanguage\":\"fr-FR\"},{\"@type\":\"WebPage\",\"@id\":\"https:\\\/\\\/villagesaintjoseph.org\\\/laudato-si\\\/saint-joseph-2025\\\/\",\"url\":\"https:\\\/\\\/villagesaintjoseph.org\\\/laudato-si\\\/saint-joseph-2025\\\/\",\"name\":\"Saint Joseph - 2025 - Maison de Laudato Si\",\"isPartOf\":{\"@id\":\"https:\\\/\\\/villagesaintjoseph.org\\\/laudato-si\\\/#website\"},\"primaryImageOfPage\":{\"@id\":\"https:\\\/\\\/villagesaintjoseph.org\\\/laudato-si\\\/saint-joseph-2025\\\/#primaryimage\"},\"image\":{\"@id\":\"https:\\\/\\\/villagesaintjoseph.org\\\/laudato-si\\\/saint-joseph-2025\\\/#primaryimage\"},\"thumbnailUrl\":\"https:\\\/\\\/villagesaintjoseph.org\\\/laudato-si\\\/wp-content\\\/uploads\\\/sites\\\/4\\\/2025\\\/03\\\/Screenshot-2025-03-21-at-09.16.43.png\",\"datePublished\":\"2025-03-21T08:29:32+00:00\",\"author\":{\"@id\":\"https:\\\/\\\/villagesaintjoseph.org\\\/laudato-si\\\/#\\\/schema\\\/person\\\/e01c4a7fd77b1ad2827753f8ee6d2096\"},\"description\":\"Le 19 mars marque la c\u00e9l\u00e9bration de la Saint-Joseph, une journ\u00e9e particuli\u00e8rement importante pour tous ceux qui trouvent en lui un mod\u00e8le de d\u00e9vouement et \u00c0 l\u2019occasion de la Saint-Joseph, la maison Laudato Si vous adresse ses v\u0153ux les plus sinc\u00e8res de paix, de force et d\u2019esp\u00e9rance. Que cette f\u00eate soit pour chacun un moment de partage et de solidarit\u00e9.\",\"breadcrumb\":{\"@id\":\"https:\\\/\\\/villagesaintjoseph.org\\\/laudato-si\\\/saint-joseph-2025\\\/#breadcrumb\"},\"inLanguage\":\"fr-FR\",\"potentialAction\":[{\"@type\":\"ReadAction\",\"target\":[\"https:\\\/\\\/villagesaintjoseph.org\\\/laudato-si\\\/saint-joseph-2025\\\/\"]}]},{\"@type\":\"ImageObject\",\"inLanguage\":\"fr-FR\",\"@id\":\"https:\\\/\\\/villagesaintjoseph.org\\\/laudato-si\\\/saint-joseph-2025\\\/#primaryimage\",\"url\":\"https:\\\/\\\/villagesaintjoseph.org\\\/laudato-si\\\/wp-content\\\/uploads\\\/sites\\\/4\\\/2025\\\/03\\\/Screenshot-2025-03-21-at-09.16.43.png\",\"contentUrl\":\"https:\\\/\\\/villagesaintjoseph.org\\\/laudato-si\\\/wp-content\\\/uploads\\\/sites\\\/4\\\/2025\\\/03\\\/Screenshot-2025-03-21-at-09.16.43.png\",\"width\":816,\"height\":814},{\"@type\":\"BreadcrumbList\",\"@id\":\"https:\\\/\\\/villagesaintjoseph.org\\\/laudato-si\\\/saint-joseph-2025\\\/#breadcrumb\",\"itemListElement\":[{\"@type\":\"ListItem\",\"position\":1,\"name\":\"Accueil\",\"item\":\"https:\\\/\\\/villagesaintjoseph.org\\\/laudato-si\\\/\"},{\"@type\":\"ListItem\",\"position\":2,\"name\":\"Actualit\u00e9s\",\"item\":\"https:\\\/\\\/villagesaintjoseph.org\\\/laudato-si\\\/category\\\/actualites\\\/\"},{\"@type\":\"ListItem\",\"position\":3,\"name\":\"Saint Joseph &#8211; 2025\"}]},{\"@type\":\"WebSite\",\"@id\":\"https:\\\/\\\/villagesaintjoseph.org\\\/laudato-si\\\/#website\",\"url\":\"https:\\\/\\\/villagesaintjoseph.org\\\/laudato-si\\\/\",\"name\":\"Maison de Laudato Si\",\"description\":\"\",\"potentialAction\":[{\"@type\":\"SearchAction\",\"target\":{\"@type\":\"EntryPoint\",\"urlTemplate\":\"https:\\\/\\\/villagesaintjoseph.org\\\/laudato-si\\\/?s={search_term_string}\"},\"query-input\":{\"@type\":\"PropertyValueSpecification\",\"valueRequired\":true,\"valueName\":\"search_term_string\"}}],\"inLanguage\":\"fr-FR\"},{\"@type\":\"Person\",\"@id\":\"https:\\\/\\\/villagesaintjoseph.org\\\/laudato-si\\\/#\\\/schema\\\/person\\\/e01c4a7fd77b1ad2827753f8ee6d2096\",\"name\":\"morgane\",\"image\":{\"@type\":\"ImageObject\",\"inLanguage\":\"fr-FR\",\"@id\":\"https:\\\/\\\/secure.gravatar.com\\\/avatar\\\/ee1fdcac9e36c66c4b8cd20071ce062eaa6ad342418c4b75db6ac1ea4345ab34?s=96&d=mm&r=g\",\"url\":\"https:\\\/\\\/secure.gravatar.com\\\/avatar\\\/ee1fdcac9e36c66c4b8cd20071ce062eaa6ad342418c4b75db6ac1ea4345ab34?s=96&d=mm&r=g\",\"contentUrl\":\"https:\\\/\\\/secure.gravatar.com\\\/avatar\\\/ee1fdcac9e36c66c4b8cd20071ce062eaa6ad342418c4b75db6ac1ea4345ab34?s=96&d=mm&r=g\",\"caption\":\"morgane\"}}]}<\/script>\n<!-- \/ Yoast SEO plugin. -->","yoast_head_json":{"title":"Saint Joseph - 2025 - Maison de Laudato Si","description":"Le 19 mars marque la c\u00e9l\u00e9bration de la Saint-Joseph, une journ\u00e9e particuli\u00e8rement importante pour tous ceux qui trouvent en lui un mod\u00e8le de d\u00e9vouement et \u00c0 l\u2019occasion de la Saint-Joseph, la maison Laudato Si vous adresse ses v\u0153ux les plus sinc\u00e8res de paix, de force et d\u2019esp\u00e9rance. Que cette f\u00eate soit pour chacun un moment de partage et de solidarit\u00e9.","robots":{"index":"index","follow":"follow","max-snippet":"max-snippet:-1","max-image-preview":"max-image-preview:large","max-video-preview":"max-video-preview:-1"},"canonical":"https:\/\/villagesaintjoseph.org\/laudato-si\/saint-joseph-2025\/","og_locale":"fr_FR","og_type":"article","og_title":"Saint Joseph - 2025 - Maison de Laudato Si","og_description":"Le 19 mars marque la c\u00e9l\u00e9bration de la Saint-Joseph, une journ\u00e9e particuli\u00e8rement importante pour tous ceux qui trouvent en lui un mod\u00e8le de d\u00e9vouement et \u00c0 l\u2019occasion de la Saint-Joseph, la maison Laudato Si vous adresse ses v\u0153ux les plus sinc\u00e8res de paix, de force et d\u2019esp\u00e9rance. Que cette f\u00eate soit pour chacun un moment de partage et de solidarit\u00e9.","og_url":"https:\/\/villagesaintjoseph.org\/laudato-si\/saint-joseph-2025\/","og_site_name":"Maison de Laudato Si","article_published_time":"2025-03-21T08:29:32+00:00","og_image":[{"width":816,"height":814,"url":"https:\/\/villagesaintjoseph.org\/laudato-si\/wp-content\/uploads\/sites\/4\/2025\/03\/Screenshot-2025-03-21-at-09.16.43.png","type":"image\/png"}],"author":"morgane","twitter_card":"summary_large_image","twitter_misc":{"\u00c9crit par":"morgane","Dur\u00e9e de lecture estim\u00e9e":"1 minute"},"schema":{"@context":"https:\/\/schema.org","@graph":[{"@type":"Article","@id":"https:\/\/villagesaintjoseph.org\/laudato-si\/saint-joseph-2025\/#article","isPartOf":{"@id":"https:\/\/villagesaintjoseph.org\/laudato-si\/saint-joseph-2025\/"},"author":{"name":"morgane","@id":"https:\/\/villagesaintjoseph.org\/laudato-si\/#\/schema\/person\/e01c4a7fd77b1ad2827753f8ee6d2096"},"headline":"Saint Joseph &#8211; 2025","datePublished":"2025-03-21T08:29:32+00:00","mainEntityOfPage":{"@id":"https:\/\/villagesaintjoseph.org\/laudato-si\/saint-joseph-2025\/"},"wordCount":169,"image":{"@id":"https:\/\/villagesaintjoseph.org\/laudato-si\/saint-joseph-2025\/#primaryimage"},"thumbnailUrl":"https:\/\/villagesaintjoseph.org\/laudato-si\/wp-content\/uploads\/sites\/4\/2025\/03\/Screenshot-2025-03-21-at-09.16.43.png","articleSection":["Actualit\u00e9s"],"inLanguage":"fr-FR"},{"@type":"WebPage","@id":"https:\/\/villagesaintjoseph.org\/laudato-si\/saint-joseph-2025\/","url":"https:\/\/villagesaintjoseph.org\/laudato-si\/saint-joseph-2025\/","name":"Saint Joseph - 2025 - Maison de Laudato Si","isPartOf":{"@id":"https:\/\/villagesaintjoseph.org\/laudato-si\/#website"},"primaryImageOfPage":{"@id":"https:\/\/villagesaintjoseph.org\/laudato-si\/saint-joseph-2025\/#primaryimage"},"image":{"@id":"https:\/\/villagesaintjoseph.org\/laudato-si\/saint-joseph-2025\/#primaryimage"},"thumbnailUrl":"https:\/\/villagesaintjoseph.org\/laudato-si\/wp-content\/uploads\/sites\/4\/2025\/03\/Screenshot-2025-03-21-at-09.16.43.png","datePublished":"2025-03-21T08:29:32+00:00","author":{"@id":"https:\/\/villagesaintjoseph.org\/laudato-si\/#\/schema\/person\/e01c4a7fd77b1ad2827753f8ee6d2096"},"description":"Le 19 mars marque la c\u00e9l\u00e9bration de la Saint-Joseph, une journ\u00e9e particuli\u00e8rement importante pour tous ceux qui trouvent en lui un mod\u00e8le de d\u00e9vouement et \u00c0 l\u2019occasion de la Saint-Joseph, la maison Laudato Si vous adresse ses v\u0153ux les plus sinc\u00e8res de paix, de force et d\u2019esp\u00e9rance. Que cette f\u00eate soit pour chacun un moment de partage et de solidarit\u00e9.","breadcrumb":{"@id":"https:\/\/villagesaintjoseph.org\/laudato-si\/saint-joseph-2025\/#breadcrumb"},"inLanguage":"fr-FR","potentialAction":[{"@type":"ReadAction","target":["https:\/\/villagesaintjoseph.org\/laudato-si\/saint-joseph-2025\/"]}]},{"@type":"ImageObject","inLanguage":"fr-FR","@id":"https:\/\/villagesaintjoseph.org\/laudato-si\/saint-joseph-2025\/#primaryimage","url":"https:\/\/villagesaintjoseph.org\/laudato-si\/wp-content\/uploads\/sites\/4\/2025\/03\/Screenshot-2025-03-21-at-09.16.43.png","contentUrl":"https:\/\/villagesaintjoseph.org\/laudato-si\/wp-content\/uploads\/sites\/4\/2025\/03\/Screenshot-2025-03-21-at-09.16.43.png","width":816,"height":814},{"@type":"BreadcrumbList","@id":"https:\/\/villagesaintjoseph.org\/laudato-si\/saint-joseph-2025\/#breadcrumb","itemListElement":[{"@type":"ListItem","position":1,"name":"Accueil","item":"https:\/\/villagesaintjoseph.org\/laudato-si\/"},{"@type":"ListItem","position":2,"name":"Actualit\u00e9s","item":"https:\/\/villagesaintjoseph.org\/laudato-si\/category\/actualites\/"},{"@type":"ListItem","position":3,"name":"Saint Joseph &#8211; 2025"}]},{"@type":"WebSite","@id":"https:\/\/villagesaintjoseph.org\/laudato-si\/#website","url":"https:\/\/villagesaintjoseph.org\/laudato-si\/","name":"Maison de Laudato Si","description":"","potentialAction":[{"@type":"SearchAction","target":{"@type":"EntryPoint","urlTemplate":"https:\/\/villagesaintjoseph.org\/laudato-si\/?s={search_term_string}"},"query-input":{"@type":"PropertyValueSpecification","valueRequired":true,"valueName":"search_term_string"}}],"inLanguage":"fr-FR"},{"@type":"Person","@id":"https:\/\/villagesaintjoseph.org\/laudato-si\/#\/schema\/person\/e01c4a7fd77b1ad2827753f8ee6d2096","name":"morgane","image":{"@type":"ImageObject","inLanguage":"fr-FR","@id":"https:\/\/secure.gravatar.com\/avatar\/ee1fdcac9e36c66c4b8cd20071ce062eaa6ad342418c4b75db6ac1ea4345ab34?s=96&d=mm&r=g","url":"https:\/\/secure.gravatar.com\/avatar\/ee1fdcac9e36c66c4b8cd20071ce062eaa6ad342418c4b75db6ac1ea4345ab34?s=96&d=mm&r=g","contentUrl":"https:\/\/secure.gravatar.com\/avatar\/ee1fdcac9e36c66c4b8cd20071ce062eaa6ad342418c4b75db6ac1ea4345ab34?s=96&d=mm&r=g","caption":"morgane"}}]}},"_links":{"self":[{"href":"https:\/\/villagesaintjoseph.org\/laudato-si\/wp-json\/wp\/v2\/posts\/911","targetHints":{"allow":["GET"]}}],"collection":[{"href":"https:\/\/villagesaintjoseph.org\/laudato-si\/wp-json\/wp\/v2\/posts"}],"about":[{"href":"https:\/\/villagesaintjoseph.org\/laudato-si\/wp-json\/wp\/v2\/types\/post"}],"author":[{"embeddable":true,"href":"https:\/\/villagesaintjoseph.org\/laudato-si\/wp-json\/wp\/v2\/users\/14"}],"replies":[{"embeddable":true,"href":"https:\/\/villagesaintjoseph.org\/laudato-si\/wp-json\/wp\/v2\/comments?post=911"}],"version-history":[{"count":1,"href":"https:\/\/villagesaintjoseph.org\/laudato-si\/wp-json\/wp\/v2\/posts\/911\/revisions"}],"predecessor-version":[{"id":913,"href":"https:\/\/villagesaintjoseph.org\/laudato-si\/wp-json\/wp\/v2\/posts\/911\/revisions\/913"}],"wp:featuredmedia":[{"embeddable":true,"href":"https:\/\/villagesaintjoseph.org\/laudato-si\/wp-json\/wp\/v2\/media\/914"}],"wp:attachment":[{"href":"https:\/\/villagesaintjoseph.org\/laudato-si\/wp-json\/wp\/v2\/media?parent=911"}],"wp:term":[{"taxonomy":"category","embeddable":true,"href":"https:\/\/villagesaintjoseph.org\/laudato-si\/wp-json\/wp\/v2\/categories?post=911"}],"curies":[{"name":"wp","href":"https:\/\/api.w.org\/{rel}","templated":true}]}}