{"id":920,"date":"2025-04-13T20:20:05","date_gmt":"2025-04-13T18:20:05","guid":{"rendered":"https:\/\/villagesaintjoseph.org\/laudato-si\/?p=920"},"modified":"2025-04-13T20:20:06","modified_gmt":"2025-04-13T18:20:06","slug":"rameaux-2025","status":"publish","type":"post","link":"https:\/\/villagesaintjoseph.org\/laudato-si\/rameaux-2025\/","title":{"rendered":"Rameaux &#8211; 2025"},"content":{"rendered":"\n<p>\ud83c\udf3f <strong>Bon Dimanche des Rameaux et belle entr\u00e9e en Semaine Sainte !<\/strong> \u2728<\/p>\n\n\n\n<p>En ce dimanche des Rameaux, nous faisons m\u00e9moire de l\u2019entr\u00e9e de J\u00e9sus \u00e0 J\u00e9rusalem, accueilli par la foule avec des rameaux en signe de joie et d\u2019esp\u00e9rance. C\u2019est aussi pour nous l\u2019entr\u00e9e dans la <strong>Semaine Sainte<\/strong>, le c\u0153ur de l\u2019ann\u00e9e liturgique, o\u00f9 nous sommes appel\u00e9s \u00e0 suivre le Christ dans son chemin de Passion, de mort et de R\u00e9surrection.<\/p>\n\n\n\n<p>Ce temps fort nous invite \u00e0 ralentir, \u00e0 nous recueillir, et \u00e0 pr\u00e9parer nos c\u0153urs \u00e0 la lumi\u00e8re de P\u00e2ques. Que cette semaine soit l\u2019occasion de raviver notre foi, de vivre des moments de pri\u00e8re sinc\u00e8re, et de laisser la paix du Christ habiter nos vies.<\/p>\n\n\n\n<p>\ud83c\udf3f <strong>Que ce Dimanche des Rameaux soit pour chacun un pas de plus vers la joie pascale ! Bonne et sainte semaine \u00e0 tous.<\/strong> \ud83d\ude4f<\/p>\n\n\n\n<figure class=\"wp-block-image size-large\"><img loading=\"lazy\" decoding=\"async\" width=\"1024\" height=\"461\" src=\"https:\/\/villagesaintjoseph.org\/laudato-si\/wp-content\/uploads\/sites\/4\/2025\/04\/WhatsApp-Image-2025-04-13-at-17.33.16-1024x461.jpeg\" alt=\"\" class=\"wp-image-921\" srcset=\"https:\/\/villagesaintjoseph.org\/laudato-si\/wp-content\/uploads\/sites\/4\/2025\/04\/WhatsApp-Image-2025-04-13-at-17.33.16-1024x461.jpeg 1024w, https:\/\/villagesaintjoseph.org\/laudato-si\/wp-content\/uploads\/sites\/4\/2025\/04\/WhatsApp-Image-2025-04-13-at-17.33.16-300x135.jpeg 300w, https:\/\/villagesaintjoseph.org\/laudato-si\/wp-content\/uploads\/sites\/4\/2025\/04\/WhatsApp-Image-2025-04-13-at-17.33.16-768x346.jpeg 768w, https:\/\/villagesaintjoseph.org\/laudato-si\/wp-content\/uploads\/sites\/4\/2025\/04\/WhatsApp-Image-2025-04-13-at-17.33.16-1536x692.jpeg 1536w, https:\/\/villagesaintjoseph.org\/laudato-si\/wp-content\/uploads\/sites\/4\/2025\/04\/WhatsApp-Image-2025-04-13-at-17.33.16-50x23.jpeg 50w, https:\/\/villagesaintjoseph.org\/laudato-si\/wp-content\/uploads\/sites\/4\/2025\/04\/WhatsApp-Image-2025-04-13-at-17.33.16-1600x721.jpeg 1600w, https:\/\/villagesaintjoseph.org\/laudato-si\/wp-content\/uploads\/sites\/4\/2025\/04\/WhatsApp-Image-2025-04-13-at-17.33.16-1400x631.jpeg 1400w, https:\/\/villagesaintjoseph.org\/laudato-si\/wp-content\/uploads\/sites\/4\/2025\/04\/WhatsApp-Image-2025-04-13-at-17.33.16.jpeg 2016w\" sizes=\"auto, (max-width: 1024px) 100vw, 1024px\" \/><\/figure>\n\n\n\n<figure class=\"wp-block-image size-large\"><img loading=\"lazy\" decoding=\"async\" width=\"1024\" height=\"461\" src=\"https:\/\/villagesaintjoseph.org\/laudato-si\/wp-content\/uploads\/sites\/4\/2025\/04\/WhatsApp-Image-2025-04-13-at-17.33.161-1024x461.jpeg\" alt=\"\" class=\"wp-image-922\" srcset=\"https:\/\/villagesaintjoseph.org\/laudato-si\/wp-content\/uploads\/sites\/4\/2025\/04\/WhatsApp-Image-2025-04-13-at-17.33.161-1024x461.jpeg 1024w, https:\/\/villagesaintjoseph.org\/laudato-si\/wp-content\/uploads\/sites\/4\/2025\/04\/WhatsApp-Image-2025-04-13-at-17.33.161-300x135.jpeg 300w, https:\/\/villagesaintjoseph.org\/laudato-si\/wp-content\/uploads\/sites\/4\/2025\/04\/WhatsApp-Image-2025-04-13-at-17.33.161-768x346.jpeg 768w, https:\/\/villagesaintjoseph.org\/laudato-si\/wp-content\/uploads\/sites\/4\/2025\/04\/WhatsApp-Image-2025-04-13-at-17.33.161-1536x692.jpeg 1536w, https:\/\/villagesaintjoseph.org\/laudato-si\/wp-content\/uploads\/sites\/4\/2025\/04\/WhatsApp-Image-2025-04-13-at-17.33.161-50x23.jpeg 50w, https:\/\/villagesaintjoseph.org\/laudato-si\/wp-content\/uploads\/sites\/4\/2025\/04\/WhatsApp-Image-2025-04-13-at-17.33.161-1600x721.jpeg 1600w, https:\/\/villagesaintjoseph.org\/laudato-si\/wp-content\/uploads\/sites\/4\/2025\/04\/WhatsApp-Image-2025-04-13-at-17.33.161-1400x631.jpeg 1400w, https:\/\/villagesaintjoseph.org\/laudato-si\/wp-content\/uploads\/sites\/4\/2025\/04\/WhatsApp-Image-2025-04-13-at-17.33.161.jpeg 2016w\" sizes=\"auto, (max-width: 1024px) 100vw, 1024px\" \/><\/figure>\n","protected":false},"excerpt":{"rendered":"<p>\ud83c\udf3f Bon Dimanche des Rameaux et belle entr\u00e9e en Semaine Sainte ! \u2728 En ce dimanche des Rameaux, nous faisons m\u00e9moire de l\u2019entr\u00e9e de J\u00e9sus \u00e0 J\u00e9rusalem, accueilli par la foule avec des rameaux en signe de joie et d\u2019esp\u00e9rance. C\u2019est aussi pour nous l\u2019entr\u00e9e dans la Semaine Sainte, le c\u0153ur de l\u2019ann\u00e9e liturgique, o\u00f9 [&hellip;]<\/p>\n","protected":false},"author":14,"featured_media":921,"comment_status":"closed","ping_status":"closed","sticky":false,"template":"","format":"standard","meta":{"inline_featured_image":false,"footnotes":""},"categories":[4],"class_list":["post-920","post","type-post","status-publish","format-standard","has-post-thumbnail","hentry","category-actualites"],"acf":[],"yoast_head":"<!-- This site is optimized with the Yoast SEO plugin v27.5 - https:\/\/yoast.com\/product\/yoast-seo-wordpress\/ -->\n<title>Rameaux - 2025 - Maison de Laudato Si<\/title>\n<meta name=\"description\" content=\"\ud83c\udf3f Bon Dimanche des Rameaux et belle entr\u00e9e en Semaine Sainte ! \u2728 En ce dimanche des Rameaux, nous faisons m\u00e9moire de l\u2019entr\u00e9e de J\u00e9sus \u00e0 J\u00e9rusalem,\" \/>\n<meta name=\"robots\" content=\"index, follow, max-snippet:-1, max-image-preview:large, max-video-preview:-1\" \/>\n<link rel=\"canonical\" href=\"https:\/\/villagesaintjoseph.org\/laudato-si\/rameaux-2025\/\" \/>\n<meta property=\"og:locale\" content=\"fr_FR\" \/>\n<meta property=\"og:type\" content=\"article\" \/>\n<meta property=\"og:title\" content=\"Rameaux - 2025 - Maison de Laudato Si\" \/>\n<meta property=\"og:description\" content=\"\ud83c\udf3f Bon Dimanche des Rameaux et belle entr\u00e9e en Semaine Sainte ! \u2728 En ce dimanche des Rameaux, nous faisons m\u00e9moire de l\u2019entr\u00e9e de J\u00e9sus \u00e0 J\u00e9rusalem,\" \/>\n<meta property=\"og:url\" content=\"https:\/\/villagesaintjoseph.org\/laudato-si\/rameaux-2025\/\" \/>\n<meta property=\"og:site_name\" content=\"Maison de Laudato Si\" \/>\n<meta property=\"article:published_time\" content=\"2025-04-13T18:20:05+00:00\" \/>\n<meta property=\"article:modified_time\" content=\"2025-04-13T18:20:06+00:00\" \/>\n<meta property=\"og:image\" content=\"https:\/\/villagesaintjoseph.org\/laudato-si\/wp-content\/uploads\/sites\/4\/2025\/04\/WhatsApp-Image-2025-04-13-at-17.33.16.jpeg\" \/>\n\t<meta property=\"og:image:width\" content=\"2016\" \/>\n\t<meta property=\"og:image:height\" content=\"908\" \/>\n\t<meta property=\"og:image:type\" content=\"image\/jpeg\" \/>\n<meta name=\"author\" content=\"morgane\" \/>\n<meta name=\"twitter:card\" content=\"summary_large_image\" \/>\n<meta name=\"twitter:label1\" content=\"\u00c9crit par\" \/>\n\t<meta name=\"twitter:data1\" content=\"morgane\" \/>\n\t<meta name=\"twitter:label2\" content=\"Dur\u00e9e de lecture estim\u00e9e\" \/>\n\t<meta name=\"twitter:data2\" content=\"1 minute\" \/>\n<script type=\"application\/ld+json\" class=\"yoast-schema-graph\">{\"@context\":\"https:\\\/\\\/schema.org\",\"@graph\":[{\"@type\":\"Article\",\"@id\":\"https:\\\/\\\/villagesaintjoseph.org\\\/laudato-si\\\/rameaux-2025\\\/#article\",\"isPartOf\":{\"@id\":\"https:\\\/\\\/villagesaintjoseph.org\\\/laudato-si\\\/rameaux-2025\\\/\"},\"author\":{\"name\":\"morgane\",\"@id\":\"https:\\\/\\\/villagesaintjoseph.org\\\/laudato-si\\\/#\\\/schema\\\/person\\\/e01c4a7fd77b1ad2827753f8ee6d2096\"},\"headline\":\"Rameaux &#8211; 2025\",\"datePublished\":\"2025-04-13T18:20:05+00:00\",\"dateModified\":\"2025-04-13T18:20:06+00:00\",\"mainEntityOfPage\":{\"@id\":\"https:\\\/\\\/villagesaintjoseph.org\\\/laudato-si\\\/rameaux-2025\\\/\"},\"wordCount\":155,\"image\":{\"@id\":\"https:\\\/\\\/villagesaintjoseph.org\\\/laudato-si\\\/rameaux-2025\\\/#primaryimage\"},\"thumbnailUrl\":\"https:\\\/\\\/villagesaintjoseph.org\\\/laudato-si\\\/wp-content\\\/uploads\\\/sites\\\/4\\\/2025\\\/04\\\/WhatsApp-Image-2025-04-13-at-17.33.16.jpeg\",\"articleSection\":[\"Actualit\u00e9s\"],\"inLanguage\":\"fr-FR\"},{\"@type\":\"WebPage\",\"@id\":\"https:\\\/\\\/villagesaintjoseph.org\\\/laudato-si\\\/rameaux-2025\\\/\",\"url\":\"https:\\\/\\\/villagesaintjoseph.org\\\/laudato-si\\\/rameaux-2025\\\/\",\"name\":\"Rameaux - 2025 - Maison de Laudato Si\",\"isPartOf\":{\"@id\":\"https:\\\/\\\/villagesaintjoseph.org\\\/laudato-si\\\/#website\"},\"primaryImageOfPage\":{\"@id\":\"https:\\\/\\\/villagesaintjoseph.org\\\/laudato-si\\\/rameaux-2025\\\/#primaryimage\"},\"image\":{\"@id\":\"https:\\\/\\\/villagesaintjoseph.org\\\/laudato-si\\\/rameaux-2025\\\/#primaryimage\"},\"thumbnailUrl\":\"https:\\\/\\\/villagesaintjoseph.org\\\/laudato-si\\\/wp-content\\\/uploads\\\/sites\\\/4\\\/2025\\\/04\\\/WhatsApp-Image-2025-04-13-at-17.33.16.jpeg\",\"datePublished\":\"2025-04-13T18:20:05+00:00\",\"dateModified\":\"2025-04-13T18:20:06+00:00\",\"author\":{\"@id\":\"https:\\\/\\\/villagesaintjoseph.org\\\/laudato-si\\\/#\\\/schema\\\/person\\\/e01c4a7fd77b1ad2827753f8ee6d2096\"},\"description\":\"\ud83c\udf3f Bon Dimanche des Rameaux et belle entr\u00e9e en Semaine Sainte ! \u2728 En ce dimanche des Rameaux, nous faisons m\u00e9moire de l\u2019entr\u00e9e de J\u00e9sus \u00e0 J\u00e9rusalem,\",\"breadcrumb\":{\"@id\":\"https:\\\/\\\/villagesaintjoseph.org\\\/laudato-si\\\/rameaux-2025\\\/#breadcrumb\"},\"inLanguage\":\"fr-FR\",\"potentialAction\":[{\"@type\":\"ReadAction\",\"target\":[\"https:\\\/\\\/villagesaintjoseph.org\\\/laudato-si\\\/rameaux-2025\\\/\"]}]},{\"@type\":\"ImageObject\",\"inLanguage\":\"fr-FR\",\"@id\":\"https:\\\/\\\/villagesaintjoseph.org\\\/laudato-si\\\/rameaux-2025\\\/#primaryimage\",\"url\":\"https:\\\/\\\/villagesaintjoseph.org\\\/laudato-si\\\/wp-content\\\/uploads\\\/sites\\\/4\\\/2025\\\/04\\\/WhatsApp-Image-2025-04-13-at-17.33.16.jpeg\",\"contentUrl\":\"https:\\\/\\\/villagesaintjoseph.org\\\/laudato-si\\\/wp-content\\\/uploads\\\/sites\\\/4\\\/2025\\\/04\\\/WhatsApp-Image-2025-04-13-at-17.33.16.jpeg\",\"width\":2016,\"height\":908},{\"@type\":\"BreadcrumbList\",\"@id\":\"https:\\\/\\\/villagesaintjoseph.org\\\/laudato-si\\\/rameaux-2025\\\/#breadcrumb\",\"itemListElement\":[{\"@type\":\"ListItem\",\"position\":1,\"name\":\"Accueil\",\"item\":\"https:\\\/\\\/villagesaintjoseph.org\\\/laudato-si\\\/\"},{\"@type\":\"ListItem\",\"position\":2,\"name\":\"Actualit\u00e9s\",\"item\":\"https:\\\/\\\/villagesaintjoseph.org\\\/laudato-si\\\/category\\\/actualites\\\/\"},{\"@type\":\"ListItem\",\"position\":3,\"name\":\"Rameaux &#8211; 2025\"}]},{\"@type\":\"WebSite\",\"@id\":\"https:\\\/\\\/villagesaintjoseph.org\\\/laudato-si\\\/#website\",\"url\":\"https:\\\/\\\/villagesaintjoseph.org\\\/laudato-si\\\/\",\"name\":\"Maison de Laudato Si\",\"description\":\"\",\"potentialAction\":[{\"@type\":\"SearchAction\",\"target\":{\"@type\":\"EntryPoint\",\"urlTemplate\":\"https:\\\/\\\/villagesaintjoseph.org\\\/laudato-si\\\/?s={search_term_string}\"},\"query-input\":{\"@type\":\"PropertyValueSpecification\",\"valueRequired\":true,\"valueName\":\"search_term_string\"}}],\"inLanguage\":\"fr-FR\"},{\"@type\":\"Person\",\"@id\":\"https:\\\/\\\/villagesaintjoseph.org\\\/laudato-si\\\/#\\\/schema\\\/person\\\/e01c4a7fd77b1ad2827753f8ee6d2096\",\"name\":\"morgane\",\"image\":{\"@type\":\"ImageObject\",\"inLanguage\":\"fr-FR\",\"@id\":\"https:\\\/\\\/secure.gravatar.com\\\/avatar\\\/ee1fdcac9e36c66c4b8cd20071ce062eaa6ad342418c4b75db6ac1ea4345ab34?s=96&d=mm&r=g\",\"url\":\"https:\\\/\\\/secure.gravatar.com\\\/avatar\\\/ee1fdcac9e36c66c4b8cd20071ce062eaa6ad342418c4b75db6ac1ea4345ab34?s=96&d=mm&r=g\",\"contentUrl\":\"https:\\\/\\\/secure.gravatar.com\\\/avatar\\\/ee1fdcac9e36c66c4b8cd20071ce062eaa6ad342418c4b75db6ac1ea4345ab34?s=96&d=mm&r=g\",\"caption\":\"morgane\"}}]}<\/script>\n<!-- \/ Yoast SEO plugin. -->","yoast_head_json":{"title":"Rameaux - 2025 - Maison de Laudato Si","description":"\ud83c\udf3f Bon Dimanche des Rameaux et belle entr\u00e9e en Semaine Sainte ! \u2728 En ce dimanche des Rameaux, nous faisons m\u00e9moire de l\u2019entr\u00e9e de J\u00e9sus \u00e0 J\u00e9rusalem,","robots":{"index":"index","follow":"follow","max-snippet":"max-snippet:-1","max-image-preview":"max-image-preview:large","max-video-preview":"max-video-preview:-1"},"canonical":"https:\/\/villagesaintjoseph.org\/laudato-si\/rameaux-2025\/","og_locale":"fr_FR","og_type":"article","og_title":"Rameaux - 2025 - Maison de Laudato Si","og_description":"\ud83c\udf3f Bon Dimanche des Rameaux et belle entr\u00e9e en Semaine Sainte ! \u2728 En ce dimanche des Rameaux, nous faisons m\u00e9moire de l\u2019entr\u00e9e de J\u00e9sus \u00e0 J\u00e9rusalem,","og_url":"https:\/\/villagesaintjoseph.org\/laudato-si\/rameaux-2025\/","og_site_name":"Maison de Laudato Si","article_published_time":"2025-04-13T18:20:05+00:00","article_modified_time":"2025-04-13T18:20:06+00:00","og_image":[{"width":2016,"height":908,"url":"https:\/\/villagesaintjoseph.org\/laudato-si\/wp-content\/uploads\/sites\/4\/2025\/04\/WhatsApp-Image-2025-04-13-at-17.33.16.jpeg","type":"image\/jpeg"}],"author":"morgane","twitter_card":"summary_large_image","twitter_misc":{"\u00c9crit par":"morgane","Dur\u00e9e de lecture estim\u00e9e":"1 minute"},"schema":{"@context":"https:\/\/schema.org","@graph":[{"@type":"Article","@id":"https:\/\/villagesaintjoseph.org\/laudato-si\/rameaux-2025\/#article","isPartOf":{"@id":"https:\/\/villagesaintjoseph.org\/laudato-si\/rameaux-2025\/"},"author":{"name":"morgane","@id":"https:\/\/villagesaintjoseph.org\/laudato-si\/#\/schema\/person\/e01c4a7fd77b1ad2827753f8ee6d2096"},"headline":"Rameaux &#8211; 2025","datePublished":"2025-04-13T18:20:05+00:00","dateModified":"2025-04-13T18:20:06+00:00","mainEntityOfPage":{"@id":"https:\/\/villagesaintjoseph.org\/laudato-si\/rameaux-2025\/"},"wordCount":155,"image":{"@id":"https:\/\/villagesaintjoseph.org\/laudato-si\/rameaux-2025\/#primaryimage"},"thumbnailUrl":"https:\/\/villagesaintjoseph.org\/laudato-si\/wp-content\/uploads\/sites\/4\/2025\/04\/WhatsApp-Image-2025-04-13-at-17.33.16.jpeg","articleSection":["Actualit\u00e9s"],"inLanguage":"fr-FR"},{"@type":"WebPage","@id":"https:\/\/villagesaintjoseph.org\/laudato-si\/rameaux-2025\/","url":"https:\/\/villagesaintjoseph.org\/laudato-si\/rameaux-2025\/","name":"Rameaux - 2025 - Maison de Laudato Si","isPartOf":{"@id":"https:\/\/villagesaintjoseph.org\/laudato-si\/#website"},"primaryImageOfPage":{"@id":"https:\/\/villagesaintjoseph.org\/laudato-si\/rameaux-2025\/#primaryimage"},"image":{"@id":"https:\/\/villagesaintjoseph.org\/laudato-si\/rameaux-2025\/#primaryimage"},"thumbnailUrl":"https:\/\/villagesaintjoseph.org\/laudato-si\/wp-content\/uploads\/sites\/4\/2025\/04\/WhatsApp-Image-2025-04-13-at-17.33.16.jpeg","datePublished":"2025-04-13T18:20:05+00:00","dateModified":"2025-04-13T18:20:06+00:00","author":{"@id":"https:\/\/villagesaintjoseph.org\/laudato-si\/#\/schema\/person\/e01c4a7fd77b1ad2827753f8ee6d2096"},"description":"\ud83c\udf3f Bon Dimanche des Rameaux et belle entr\u00e9e en Semaine Sainte ! \u2728 En ce dimanche des Rameaux, nous faisons m\u00e9moire de l\u2019entr\u00e9e de J\u00e9sus \u00e0 J\u00e9rusalem,","breadcrumb":{"@id":"https:\/\/villagesaintjoseph.org\/laudato-si\/rameaux-2025\/#breadcrumb"},"inLanguage":"fr-FR","potentialAction":[{"@type":"ReadAction","target":["https:\/\/villagesaintjoseph.org\/laudato-si\/rameaux-2025\/"]}]},{"@type":"ImageObject","inLanguage":"fr-FR","@id":"https:\/\/villagesaintjoseph.org\/laudato-si\/rameaux-2025\/#primaryimage","url":"https:\/\/villagesaintjoseph.org\/laudato-si\/wp-content\/uploads\/sites\/4\/2025\/04\/WhatsApp-Image-2025-04-13-at-17.33.16.jpeg","contentUrl":"https:\/\/villagesaintjoseph.org\/laudato-si\/wp-content\/uploads\/sites\/4\/2025\/04\/WhatsApp-Image-2025-04-13-at-17.33.16.jpeg","width":2016,"height":908},{"@type":"BreadcrumbList","@id":"https:\/\/villagesaintjoseph.org\/laudato-si\/rameaux-2025\/#breadcrumb","itemListElement":[{"@type":"ListItem","position":1,"name":"Accueil","item":"https:\/\/villagesaintjoseph.org\/laudato-si\/"},{"@type":"ListItem","position":2,"name":"Actualit\u00e9s","item":"https:\/\/villagesaintjoseph.org\/laudato-si\/category\/actualites\/"},{"@type":"ListItem","position":3,"name":"Rameaux &#8211; 2025"}]},{"@type":"WebSite","@id":"https:\/\/villagesaintjoseph.org\/laudato-si\/#website","url":"https:\/\/villagesaintjoseph.org\/laudato-si\/","name":"Maison de Laudato Si","description":"","potentialAction":[{"@type":"SearchAction","target":{"@type":"EntryPoint","urlTemplate":"https:\/\/villagesaintjoseph.org\/laudato-si\/?s={search_term_string}"},"query-input":{"@type":"PropertyValueSpecification","valueRequired":true,"valueName":"search_term_string"}}],"inLanguage":"fr-FR"},{"@type":"Person","@id":"https:\/\/villagesaintjoseph.org\/laudato-si\/#\/schema\/person\/e01c4a7fd77b1ad2827753f8ee6d2096","name":"morgane","image":{"@type":"ImageObject","inLanguage":"fr-FR","@id":"https:\/\/secure.gravatar.com\/avatar\/ee1fdcac9e36c66c4b8cd20071ce062eaa6ad342418c4b75db6ac1ea4345ab34?s=96&d=mm&r=g","url":"https:\/\/secure.gravatar.com\/avatar\/ee1fdcac9e36c66c4b8cd20071ce062eaa6ad342418c4b75db6ac1ea4345ab34?s=96&d=mm&r=g","contentUrl":"https:\/\/secure.gravatar.com\/avatar\/ee1fdcac9e36c66c4b8cd20071ce062eaa6ad342418c4b75db6ac1ea4345ab34?s=96&d=mm&r=g","caption":"morgane"}}]}},"_links":{"self":[{"href":"https:\/\/villagesaintjoseph.org\/laudato-si\/wp-json\/wp\/v2\/posts\/920","targetHints":{"allow":["GET"]}}],"collection":[{"href":"https:\/\/villagesaintjoseph.org\/laudato-si\/wp-json\/wp\/v2\/posts"}],"about":[{"href":"https:\/\/villagesaintjoseph.org\/laudato-si\/wp-json\/wp\/v2\/types\/post"}],"author":[{"embeddable":true,"href":"https:\/\/villagesaintjoseph.org\/laudato-si\/wp-json\/wp\/v2\/users\/14"}],"replies":[{"embeddable":true,"href":"https:\/\/villagesaintjoseph.org\/laudato-si\/wp-json\/wp\/v2\/comments?post=920"}],"version-history":[{"count":1,"href":"https:\/\/villagesaintjoseph.org\/laudato-si\/wp-json\/wp\/v2\/posts\/920\/revisions"}],"predecessor-version":[{"id":923,"href":"https:\/\/villagesaintjoseph.org\/laudato-si\/wp-json\/wp\/v2\/posts\/920\/revisions\/923"}],"wp:featuredmedia":[{"embeddable":true,"href":"https:\/\/villagesaintjoseph.org\/laudato-si\/wp-json\/wp\/v2\/media\/921"}],"wp:attachment":[{"href":"https:\/\/villagesaintjoseph.org\/laudato-si\/wp-json\/wp\/v2\/media?parent=920"}],"wp:term":[{"taxonomy":"category","embeddable":true,"href":"https:\/\/villagesaintjoseph.org\/laudato-si\/wp-json\/wp\/v2\/categories?post=920"}],"curies":[{"name":"wp","href":"https:\/\/api.w.org\/{rel}","templated":true}]}}