{"id":2272,"date":"2025-11-14T00:44:00","date_gmt":"2025-11-13T23:44:00","guid":{"rendered":"https:\/\/villagesaintjoseph.org\/mieges\/?p=2272"},"modified":"2025-12-05T11:45:51","modified_gmt":"2025-12-05T10:45:51","slug":"semaine-des-martyrs-chretiens","status":"publish","type":"post","link":"https:\/\/villagesaintjoseph.org\/mieges\/2025\/11\/14\/semaine-des-martyrs-chretiens\/","title":{"rendered":"Semaine des martyrs chr\u00e9tiens"},"content":{"rendered":"\n<p>A l&rsquo;initiative de l&rsquo;AED (Aide \u00e0 l&rsquo;Eglise en D\u00e9tresse), du 14 au 22 novembre, nous avons \u00e9clair\u00e9 l&rsquo;ermitage en rouge cette semaine, en m\u00e9moire des martyrs chr\u00e9tiens de l&rsquo;ann\u00e9e.<\/p>\n\n\n\n<p><a href=\"https:\/\/aed-france.org\/une-semaine-pour-les-chretiens-persecutes\/\">Une semaine pour les chr\u00e9tiens pers\u00e9cut\u00e9s<\/a><\/p>\n\n\n\n<figure class=\"wp-block-image size-large\"><img loading=\"lazy\" decoding=\"async\" width=\"1024\" height=\"768\" src=\"https:\/\/villagesaintjoseph.org\/mieges\/wp-content\/uploads\/sites\/13\/2025\/11\/2025-Semaine-martyrs-1024x768.jpg\" alt=\"\" class=\"wp-image-2353\" srcset=\"https:\/\/villagesaintjoseph.org\/mieges\/wp-content\/uploads\/sites\/13\/2025\/11\/2025-Semaine-martyrs-1024x768.jpg 1024w, https:\/\/villagesaintjoseph.org\/mieges\/wp-content\/uploads\/sites\/13\/2025\/11\/2025-Semaine-martyrs-300x225.jpg 300w, https:\/\/villagesaintjoseph.org\/mieges\/wp-content\/uploads\/sites\/13\/2025\/11\/2025-Semaine-martyrs-768x576.jpg 768w, https:\/\/villagesaintjoseph.org\/mieges\/wp-content\/uploads\/sites\/13\/2025\/11\/2025-Semaine-martyrs-1536x1152.jpg 1536w, https:\/\/villagesaintjoseph.org\/mieges\/wp-content\/uploads\/sites\/13\/2025\/11\/2025-Semaine-martyrs-2048x1536.jpg 2048w, https:\/\/villagesaintjoseph.org\/mieges\/wp-content\/uploads\/sites\/13\/2025\/11\/2025-Semaine-martyrs-50x38.jpg 50w, https:\/\/villagesaintjoseph.org\/mieges\/wp-content\/uploads\/sites\/13\/2025\/11\/2025-Semaine-martyrs-1600x1200.jpg 1600w, https:\/\/villagesaintjoseph.org\/mieges\/wp-content\/uploads\/sites\/13\/2025\/11\/2025-Semaine-martyrs-1400x1050.jpg 1400w\" sizes=\"auto, (max-width: 1024px) 100vw, 1024px\" \/><\/figure>\n\n\n\n<p><\/p>\n","protected":false},"excerpt":{"rendered":"<p>A l&rsquo;initiative de l&rsquo;AED (Aide \u00e0 l&rsquo;Eglise en D\u00e9tresse), du 14 au 22 novembre, nous avons \u00e9clair\u00e9 l&rsquo;ermitage en rouge cette semaine, en m\u00e9moire des martyrs chr\u00e9tiens de l&rsquo;ann\u00e9e. Une semaine pour les chr\u00e9tiens pers\u00e9cut\u00e9s<\/p>\n","protected":false},"author":27,"featured_media":2273,"comment_status":"closed","ping_status":"closed","sticky":false,"template":"","format":"standard","meta":{"inline_featured_image":false,"footnotes":""},"categories":[2],"class_list":["post-2272","post","type-post","status-publish","format-standard","has-post-thumbnail","hentry","category-actualites"],"acf":[],"_links":{"self":[{"href":"https:\/\/villagesaintjoseph.org\/mieges\/wp-json\/wp\/v2\/posts\/2272","targetHints":{"allow":["GET"]}}],"collection":[{"href":"https:\/\/villagesaintjoseph.org\/mieges\/wp-json\/wp\/v2\/posts"}],"about":[{"href":"https:\/\/villagesaintjoseph.org\/mieges\/wp-json\/wp\/v2\/types\/post"}],"author":[{"embeddable":true,"href":"https:\/\/villagesaintjoseph.org\/mieges\/wp-json\/wp\/v2\/users\/27"}],"replies":[{"embeddable":true,"href":"https:\/\/villagesaintjoseph.org\/mieges\/wp-json\/wp\/v2\/comments?post=2272"}],"version-history":[{"count":3,"href":"https:\/\/villagesaintjoseph.org\/mieges\/wp-json\/wp\/v2\/posts\/2272\/revisions"}],"predecessor-version":[{"id":2354,"href":"https:\/\/villagesaintjoseph.org\/mieges\/wp-json\/wp\/v2\/posts\/2272\/revisions\/2354"}],"wp:featuredmedia":[{"embeddable":true,"href":"https:\/\/villagesaintjoseph.org\/mieges\/wp-json\/wp\/v2\/media\/2273"}],"wp:attachment":[{"href":"https:\/\/villagesaintjoseph.org\/mieges\/wp-json\/wp\/v2\/media?parent=2272"}],"wp:term":[{"taxonomy":"category","embeddable":true,"href":"https:\/\/villagesaintjoseph.org\/mieges\/wp-json\/wp\/v2\/categories?post=2272"}],"curies":[{"name":"wp","href":"https:\/\/api.w.org\/{rel}","templated":true}]}}