{"id":2300,"date":"2024-12-02T10:03:00","date_gmt":"2024-12-02T09:03:00","guid":{"rendered":"https:\/\/villagesaintjoseph.org\/mieges\/?p=2300"},"modified":"2025-12-02T20:42:11","modified_gmt":"2025-12-02T19:42:11","slug":"newsletter-decembre-2024","status":"publish","type":"post","link":"https:\/\/villagesaintjoseph.org\/mieges\/2024\/12\/02\/newsletter-decembre-2024\/","title":{"rendered":"Newsletter d\u00e9cembre 2024"},"content":{"rendered":"\n<p>\u00c7a y est, les travaux de notre appartement familial touchent \u00e0 leur fin et nous avons pris nos marques, du moins les plus essentielles, dans ce si beau paysage Jurassien.<\/p>\n\n\n\n<p>Nous sommes donc maintenant disponibles pour la 1<sup>\u00e8re<\/sup> phase des travaux en vue de l\u2019accueil.<\/p>\n\n\n\n<p><strong>Gr\u00e2ce au travail pr\u00e9cieux d\u2019un architecte, travaillant en m\u00e9c\u00e9nat de comp\u00e9tences<\/strong> depuis plusieurs mois, les plans sont \u00e9tablis. Et nous attendons maintenant avec impatience les devis des artisans locaux consult\u00e9s pour la r\u00e9alisation des 4 premi\u00e8res chambres, dans l\u2019espoir de commencer \u00e0 accueillir au plus t\u00f4t nos fr\u00e8res et s\u0153urs les plus fragiles.<\/p>\n\n\n\n<p>Dans le m\u00eame temps, <strong>nous \u0153uvrons \u00e0 2 autres chantiers\u00a0: la recherche de dons<\/strong> pour financer ces travaux, dont cette 1<sup>\u00e8re<\/sup> phase s\u2019\u00e9l\u00e8vera aux alentours de 250\u00a0000 \u20ac\u00a0; et <strong>la rencontre avec des artisans ou des artistes qui souhaiteraient s\u2019engager \u00e0 nos c\u00f4t\u00e9s<\/strong>, en partageant b\u00e9n\u00e9volement leurs passions lors d\u2019ateliers r\u00e9guliers au Village Saint Joseph de Mi\u00e8ges, d\u00e8s que l\u2019accueil de nos fr\u00e8res et s\u0153urs d\u00e9marrera.<\/p>\n\n\n\n<p>Dans <strong>les activit\u00e9s pr\u00e9vues \u00e0 ce jour<\/strong>, il y aura de la <strong>cuisine<\/strong>, incontournable pour nourrir toute la maison, du <strong>jardinage<\/strong>, pour essayer de produire une partie de nos denr\u00e9es, et de la <strong>mosa\u00efque<\/strong>, pour faire du beau avec de petits morceaux bris\u00e9s. <strong>Tout le reste est \u00e0 inventer<\/strong> : musique ou dessin, artisanat du bois, du jonc ou de l&rsquo;aiguille, etc.<\/p>\n\n\n\n<p>Si vous \u00eates int\u00e9ress\u00e9s ou si vous voulez simplement en savoir plus sur le projet de VSJ, n\u2019h\u00e9sitez pas \u00e0 nous contacter.<\/p>\n\n\n\n<p>Camille &amp; Thomas Omer-Decugis<\/p>\n\n\n\n<p><\/p>\n\n\n\n<p>Et pour finir, un beau <strong>coup de chapeau aux b\u00e9n\u00e9voles<\/strong> qui donnent d\u00e9j\u00e0 un s\u00e9rieux coup de main pour entretenir le b\u00e2timent de l\u2019ermitage (<em>r\u00e9curage des conduites, r\u00e9parations diverses, entretien des espaces verts, nettoyage de l\u2019esplanade, etc.<\/em>), et pour pr\u00e9parer les zones de travaux \u00e0 venir en d\u00e9barrassant les \u00e9tages des objets stock\u00e9s et des plomberies obsol\u00e8tes.<\/p>\n\n\n\n<figure class=\"wp-block-image size-large\"><img loading=\"lazy\" decoding=\"async\" width=\"1024\" height=\"677\" src=\"https:\/\/villagesaintjoseph.org\/mieges\/wp-content\/uploads\/sites\/13\/2025\/11\/1000002481-1024x677.jpg\" alt=\"\" class=\"wp-image-2210\" srcset=\"https:\/\/villagesaintjoseph.org\/mieges\/wp-content\/uploads\/sites\/13\/2025\/11\/1000002481-1024x677.jpg 1024w, https:\/\/villagesaintjoseph.org\/mieges\/wp-content\/uploads\/sites\/13\/2025\/11\/1000002481-300x198.jpg 300w, https:\/\/villagesaintjoseph.org\/mieges\/wp-content\/uploads\/sites\/13\/2025\/11\/1000002481-768x507.jpg 768w, https:\/\/villagesaintjoseph.org\/mieges\/wp-content\/uploads\/sites\/13\/2025\/11\/1000002481-1536x1015.jpg 1536w, https:\/\/villagesaintjoseph.org\/mieges\/wp-content\/uploads\/sites\/13\/2025\/11\/1000002481-2048x1353.jpg 2048w, https:\/\/villagesaintjoseph.org\/mieges\/wp-content\/uploads\/sites\/13\/2025\/11\/1000002481-50x33.jpg 50w, https:\/\/villagesaintjoseph.org\/mieges\/wp-content\/uploads\/sites\/13\/2025\/11\/1000002481-1600x1057.jpg 1600w, https:\/\/villagesaintjoseph.org\/mieges\/wp-content\/uploads\/sites\/13\/2025\/11\/1000002481-1400x925.jpg 1400w\" sizes=\"auto, (max-width: 1024px) 100vw, 1024px\" \/><\/figure>\n\n\n\n<p><strong>Merci \u00e0 eux !<\/strong><\/p>\n\n\n\n<p>NB&nbsp;: <strong>Le 8 d\u00e9cembre, f\u00eate de l\u2019Immacul\u00e9e conception, vous \u00eates tous fortement convi\u00e9s \u00e0 18h \u00e0 la veill\u00e9e de pri\u00e8re mariale organis\u00e9e \u00e0 l\u2019ermitage<\/strong> par les cat\u00e9chistes du Val de Mi\u00e8ges.<\/p>\n\n\n\n<p>Belle marche vers No\u00ebl \u00e0 tous&nbsp;!<\/p>\n","protected":false},"excerpt":{"rendered":"<p>\u00c7a y est, les travaux de notre appartement familial touchent \u00e0 leur fin et nous avons pris nos marques, du moins les plus essentielles, dans ce si beau paysage Jurassien. Nous sommes donc maintenant disponibles pour la 1\u00e8re phase des travaux en vue de l\u2019accueil. Gr\u00e2ce au travail pr\u00e9cieux d\u2019un architecte, travaillant en m\u00e9c\u00e9nat de [&hellip;]<\/p>\n","protected":false},"author":27,"featured_media":2210,"comment_status":"closed","ping_status":"closed","sticky":false,"template":"","format":"standard","meta":{"inline_featured_image":false,"footnotes":""},"categories":[2],"class_list":["post-2300","post","type-post","status-publish","format-standard","has-post-thumbnail","hentry","category-actualites"],"acf":[],"_links":{"self":[{"href":"https:\/\/villagesaintjoseph.org\/mieges\/wp-json\/wp\/v2\/posts\/2300","targetHints":{"allow":["GET"]}}],"collection":[{"href":"https:\/\/villagesaintjoseph.org\/mieges\/wp-json\/wp\/v2\/posts"}],"about":[{"href":"https:\/\/villagesaintjoseph.org\/mieges\/wp-json\/wp\/v2\/types\/post"}],"author":[{"embeddable":true,"href":"https:\/\/villagesaintjoseph.org\/mieges\/wp-json\/wp\/v2\/users\/27"}],"replies":[{"embeddable":true,"href":"https:\/\/villagesaintjoseph.org\/mieges\/wp-json\/wp\/v2\/comments?post=2300"}],"version-history":[{"count":2,"href":"https:\/\/villagesaintjoseph.org\/mieges\/wp-json\/wp\/v2\/posts\/2300\/revisions"}],"predecessor-version":[{"id":2302,"href":"https:\/\/villagesaintjoseph.org\/mieges\/wp-json\/wp\/v2\/posts\/2300\/revisions\/2302"}],"wp:featuredmedia":[{"embeddable":true,"href":"https:\/\/villagesaintjoseph.org\/mieges\/wp-json\/wp\/v2\/media\/2210"}],"wp:attachment":[{"href":"https:\/\/villagesaintjoseph.org\/mieges\/wp-json\/wp\/v2\/media?parent=2300"}],"wp:term":[{"taxonomy":"category","embeddable":true,"href":"https:\/\/villagesaintjoseph.org\/mieges\/wp-json\/wp\/v2\/categories?post=2300"}],"curies":[{"name":"wp","href":"https:\/\/api.w.org\/{rel}","templated":true}]}}