{"id":2303,"date":"2025-08-29T10:12:00","date_gmt":"2025-08-29T08:12:00","guid":{"rendered":"https:\/\/villagesaintjoseph.org\/mieges\/?p=2303"},"modified":"2026-01-23T10:27:12","modified_gmt":"2026-01-23T09:27:12","slug":"lettre-aux-amis-n2","status":"publish","type":"post","link":"https:\/\/villagesaintjoseph.org\/mieges\/2025\/08\/29\/lettre-aux-amis-n2\/","title":{"rendered":"Lettre aux amis n\u00b02"},"content":{"rendered":"\n<p><strong>Mi\u00e8ges, le 29 Ao\u00fbt 2025<\/strong><\/p>\n\n\n\n<p>Chers amis,<\/p>\n\n\n\n<p>Voici enfin quelques nouvelles de ce bel ermitage de Mi\u00e8ges, du Village Saint Joseph qui s&rsquo;y construit et de nous !<\/p>\n\n\n\n<p>Le jardin donne l\u00e9gumes &amp; fruits et nos 5 poules donnent des \u0153ufs. Rien d\u2019extraordinaire me direz-vous, mais c\u2019est le r\u00e9sultat de labeur et de patience&nbsp;! Nous apprivoisons cette terre, son altitude, sa pluviom\u00e9trie, son ensoleillement, les poules qui grattent les plants fra\u00eechement repiqu\u00e9s et les oiseaux qui se d\u00e9lectent des fruits \u00e0 point\u2026<\/p>\n\n\n\n<p>C\u00f4t\u00e9 travaux, depuis notre dernier mail, nos artisans ont, malheureusement, peu progress\u00e9 et la r\u00e9alisation de nos 4 premi\u00e8res chambres d&rsquo;accueil au 2\u00e8me \u00e9tage, pr\u00e9vue initialement pour la fin de l&rsquo;hiver dernier, tra\u00eene.&nbsp;<\/p>\n\n\n\n<p>En revanche, avec les b\u00e9n\u00e9voles, les autres chantiers avancent :<\/p>\n\n\n\n<p>. La cuisine a \u00e9t\u00e9 enti\u00e8rement d\u00e9pouill\u00e9e de ses vieux habits : papier peint, lino et colle n&rsquo;ont pas r\u00e9sist\u00e9 \u00e0 l&rsquo;huile de coude de nombreux motiv\u00e9s. Nous avons ainsi pu repeindre les plafonds, poser un nouveau papier et oindre le terrazzo&nbsp;d\u00e9couvert sous le lino de plusieurs litres d&rsquo;huile de lin. Un bon coup de d\u00e9capage des portes et fen\u00eatres et la pi\u00e8ce \u00e9tait fin pr\u00eate pour accueillir les anciens meubles de cuisine offerts par des amis, et qui s&rsquo;int\u00e8grent au centim\u00e8tre pr\u00e8s \u00e0 la configuration de notre pi\u00e8ce &#8230; du sur-mesure ! Un de nos fid\u00e8les b\u00e9n\u00e9voles m&rsquo;a&nbsp;dit en les voyant install\u00e9s : \u00ab\u00a0Et il y a encore des gens qui ne croient pas&#8230; ?!\u00a0\u00bb<\/p>\n\n\n\n<p>. Nous avons \u00e9galement commenc\u00e9 \u00e0 r\u00e9nover les salles d&rsquo;activit\u00e9s mais ce n&rsquo;est qu&rsquo;un d\u00e9but, il y en aura encore pour quelques mois.<\/p>\n\n\n\n<p>. Et nous avons am\u00e9nag\u00e9 2 chambres d&rsquo;accueil, avec salle de bain, au rdc de l&rsquo;ermitage, ce qui nous a permis de d\u00e9marrer notre mission d&rsquo;accueil depuis maintenant 4 mois.<\/p>\n\n\n\n<p>Avec ces premiers accueils, nous avons d\u00e9couvert, ou red\u00e9couvert, les bienfaits d&rsquo;un emploi du temps monastique, les joies des petits pas et des petites victoires au jour le jour, mais \u00e9galement les douleurs des s\u00e9parations trop rapides et les d\u00e9g\u00e2ts des drogues et des addictions.<\/p>\n\n\n\n<p>Nous vous invitons, quelle que soit votre religion ou votre croyance, \u00e0 vous joindre \u00e0 nous pour prier pour Zoran, Andrea, Pierre-Louis et le Village Saint Joseph.<\/p>\n\n\n\n<p>Devant nous, m\u00eame si nous n&rsquo;osons plus annoncer de date, nous esp\u00e9rons que les chambres soient pr\u00eates au plus vite pour que la vie fraternelle de notre Village Saint Joseph s&rsquo;\u00e9toffe&nbsp;! Les demandes d\u2019accueil sont r\u00e9guli\u00e8res&nbsp;: que cette maison puisse \u00eatre une r\u00e9ponse pour certains.<\/p>\n\n\n\n<p>Et les salles d\u2019ateliers nous appellent&nbsp;: sols, enduits, plafonds etc. Nous allons continuer ce chantier, en glanant les bonnes pratiques au gr\u00e9 de nos rencontres.<\/p>\n\n\n\n<p>Dans le m\u00eame temps, nous avan\u00e7ons sur la recherche de fonds pour 2 autres grands chantiers : l&rsquo;assainissement, avec l\u2019installation d&rsquo;une lagune en roseaux plant\u00e9s, et la construction d&rsquo;une chaufferie pour abandonner le fuel au profit du bois.<\/p>\n\n\n\n<p>&nbsp;Soyez tous remerci\u00e9s d&rsquo;avoir mis la main \u00e0 la poche ou d&rsquo;\u00eatre venus pour un petit ou grand coup de main, en solo, en famille, en \u00e9quipe, ou le foulard au cou \ud83d\ude09<\/p>\n\n\n\n<p>Tr\u00e8s belles rentr\u00e9es \u00e0 tous.<\/p>\n\n\n\n<p>Soyez b\u00e9nis !<\/p>\n\n\n\n<p>Thomas &amp; Camille Omer-Decugis.<\/p>\n\n\n\n<figure class=\"wp-block-image size-full is-resized\"><img loading=\"lazy\" decoding=\"async\" width=\"578\" height=\"264\" src=\"https:\/\/villagesaintjoseph.org\/mieges\/wp-content\/uploads\/sites\/13\/2025\/12\/image.png\" alt=\"\" class=\"wp-image-2305\" style=\"width:385px;height:auto\" srcset=\"https:\/\/villagesaintjoseph.org\/mieges\/wp-content\/uploads\/sites\/13\/2025\/12\/image.png 578w, https:\/\/villagesaintjoseph.org\/mieges\/wp-content\/uploads\/sites\/13\/2025\/12\/image-300x137.png 300w, https:\/\/villagesaintjoseph.org\/mieges\/wp-content\/uploads\/sites\/13\/2025\/12\/image-50x23.png 50w\" sizes=\"auto, (max-width: 578px) 100vw, 578px\" \/><\/figure>\n\n\n\n<p><\/p>\n","protected":false},"excerpt":{"rendered":"<p>Mi\u00e8ges, le 29 Ao\u00fbt 2025 Chers amis, Voici enfin quelques nouvelles de ce bel ermitage de Mi\u00e8ges, du Village Saint Joseph qui s&rsquo;y construit et de nous ! Le jardin donne l\u00e9gumes &amp; fruits et nos 5 poules donnent des \u0153ufs. Rien d\u2019extraordinaire me direz-vous, mais c\u2019est le r\u00e9sultat de labeur et de patience&nbsp;! Nous [&hellip;]<\/p>\n","protected":false},"author":27,"featured_media":0,"comment_status":"closed","ping_status":"closed","sticky":false,"template":"","format":"standard","meta":{"inline_featured_image":false,"footnotes":""},"categories":[2],"class_list":["post-2303","post","type-post","status-publish","format-standard","hentry","category-actualites"],"acf":[],"_links":{"self":[{"href":"https:\/\/villagesaintjoseph.org\/mieges\/wp-json\/wp\/v2\/posts\/2303","targetHints":{"allow":["GET"]}}],"collection":[{"href":"https:\/\/villagesaintjoseph.org\/mieges\/wp-json\/wp\/v2\/posts"}],"about":[{"href":"https:\/\/villagesaintjoseph.org\/mieges\/wp-json\/wp\/v2\/types\/post"}],"author":[{"embeddable":true,"href":"https:\/\/villagesaintjoseph.org\/mieges\/wp-json\/wp\/v2\/users\/27"}],"replies":[{"embeddable":true,"href":"https:\/\/villagesaintjoseph.org\/mieges\/wp-json\/wp\/v2\/comments?post=2303"}],"version-history":[{"count":3,"href":"https:\/\/villagesaintjoseph.org\/mieges\/wp-json\/wp\/v2\/posts\/2303\/revisions"}],"predecessor-version":[{"id":2371,"href":"https:\/\/villagesaintjoseph.org\/mieges\/wp-json\/wp\/v2\/posts\/2303\/revisions\/2371"}],"wp:attachment":[{"href":"https:\/\/villagesaintjoseph.org\/mieges\/wp-json\/wp\/v2\/media?parent=2303"}],"wp:term":[{"taxonomy":"category","embeddable":true,"href":"https:\/\/villagesaintjoseph.org\/mieges\/wp-json\/wp\/v2\/categories?post=2303"}],"curies":[{"name":"wp","href":"https:\/\/api.w.org\/{rel}","templated":true}]}}