{"id":885,"date":"2022-01-19T19:29:19","date_gmt":"2022-01-19T18:29:19","guid":{"rendered":"https:\/\/misericorde.stjoseph.ovh\/?p=885"},"modified":"2022-01-20T12:29:16","modified_gmt":"2022-01-20T11:29:16","slug":"fete-de-larrivee-du-saint-cure-dars-13-fevrier-22","status":"publish","type":"post","link":"https:\/\/villagesaintjoseph.org\/misericorde\/fete-de-larrivee-du-saint-cure-dars-13-fevrier-22\/","title":{"rendered":"Le Foyer de Mis\u00e9ricorde anime la messe durant la f\u00eate de l&rsquo;arriv\u00e9e du Saint Cur\u00e9 \u00e0 Ars &#8211; 13 f\u00e9vrier 22"},"content":{"rendered":"\n<figure class=\"wp-block-image size-large\"><img loading=\"lazy\" decoding=\"async\" width=\"1024\" height=\"683\" src=\"https:\/\/villagesaintjoseph.org\/misericorde\/wp-content\/uploads\/sites\/3\/2022\/01\/IMG_0152-6-1024x683.jpg\" alt=\"\" class=\"wp-image-886\" srcset=\"https:\/\/villagesaintjoseph.org\/misericorde\/wp-content\/uploads\/sites\/3\/2022\/01\/IMG_0152-6-1024x683.jpg 1024w, https:\/\/villagesaintjoseph.org\/misericorde\/wp-content\/uploads\/sites\/3\/2022\/01\/IMG_0152-6-300x200.jpg 300w, https:\/\/villagesaintjoseph.org\/misericorde\/wp-content\/uploads\/sites\/3\/2022\/01\/IMG_0152-6-768x512.jpg 768w, https:\/\/villagesaintjoseph.org\/misericorde\/wp-content\/uploads\/sites\/3\/2022\/01\/IMG_0152-6-1536x1024.jpg 1536w, https:\/\/villagesaintjoseph.org\/misericorde\/wp-content\/uploads\/sites\/3\/2022\/01\/IMG_0152-6-2048x1365.jpg 2048w, https:\/\/villagesaintjoseph.org\/misericorde\/wp-content\/uploads\/sites\/3\/2022\/01\/IMG_0152-6-1600x1067.jpg 1600w, https:\/\/villagesaintjoseph.org\/misericorde\/wp-content\/uploads\/sites\/3\/2022\/01\/IMG_0152-6-1400x933.jpg 1400w\" sizes=\"auto, (max-width: 1024px) 100vw, 1024px\" \/><\/figure>\n\n\n\n<p>Le 13 f\u00e9vrier le Foyer de Mis\u00e9ricorde aura la plaisir d&rsquo;animer la messe de 11h00 pour les lectures et les chants lors de la F\u00eate de l&rsquo;arriv\u00e9e du saint cur\u00e9 d&rsquo;Ars. <\/p>\n\n\n\n<p>Un temps fort de la vie du sanctuaire qui nous replonge au c\u0153ur de la rencontre entre le petit Antoine Givre qui indique le route d&rsquo;Ars au nouveau cur\u00e9 perdu dans le brouillard et qui lui r\u00e9pond : \u00ab\u00a0Tu m&rsquo;as montr\u00e9 le chemin d&rsquo;Ars, je te montrerai le chemin du Ciel\u00a0\u00bb. Le monument de La Rencontre situ\u00e9 \u00e0 quelques centaines de m\u00e8tres de la basilique qui fait m\u00e9moire de cet \u00e9v\u00e9nement est le point de d\u00e9part de la procession qui pr\u00e9c\u00e8de la messe. Demandons au saint cur\u00e9 de nous montrer le chemin du Ciel&#8230;<\/p>\n","protected":false},"excerpt":{"rendered":"<p>Le 13 f\u00e9vrier le Foyer de Mis\u00e9ricorde aura la plaisir d&rsquo;animer la messe de 11h00 pour les lectures et les chants lors de la F\u00eate de l&rsquo;arriv\u00e9e du saint cur\u00e9 d&rsquo;Ars. Un temps fort de la vie du sanctuaire qui nous replonge au c\u0153ur de la rencontre entre le petit Antoine Givre qui indique le [&hellip;]<\/p>\n","protected":false},"author":15,"featured_media":886,"comment_status":"closed","ping_status":"closed","sticky":false,"template":"","format":"standard","meta":{"inline_featured_image":false,"footnotes":""},"categories":[4],"class_list":["post-885","post","type-post","status-publish","format-standard","has-post-thumbnail","hentry","category-actualites"],"acf":[],"yoast_head":"<!-- This site is optimized with the Yoast SEO plugin v27.5 - https:\/\/yoast.com\/product\/yoast-seo-wordpress\/ -->\n<title>Foyer de Mis\u00e9ricorde Le Foyer de Mis\u00e9ricorde anime la messe durant la f\u00eate de l&#039;arriv\u00e9e du Saint Cur\u00e9 \u00e0 Ars - 13 f\u00e9vrier 22 - Foyer de Mis\u00e9ricorde<\/title>\n<meta name=\"description\" content=\"Le 13 f\u00e9vrier le Foyer de Mis\u00e9ricorde aura la plaisir d&#039;animer la messe de 11h00 pour les lectures et les chants lors de la F\u00eate de l&#039;arriv\u00e9e du saint\" \/>\n<meta name=\"robots\" content=\"index, follow, max-snippet:-1, max-image-preview:large, max-video-preview:-1\" \/>\n<link rel=\"canonical\" href=\"https:\/\/villagesaintjoseph.org\/misericorde\/fete-de-larrivee-du-saint-cure-dars-13-fevrier-22\/\" \/>\n<meta property=\"og:locale\" content=\"fr_FR\" \/>\n<meta property=\"og:type\" content=\"article\" \/>\n<meta property=\"og:title\" content=\"Foyer de Mis\u00e9ricorde Le Foyer de Mis\u00e9ricorde anime la messe durant la f\u00eate de l&#039;arriv\u00e9e du Saint Cur\u00e9 \u00e0 Ars - 13 f\u00e9vrier 22 - Foyer de Mis\u00e9ricorde\" \/>\n<meta property=\"og:description\" content=\"Le 13 f\u00e9vrier le Foyer de Mis\u00e9ricorde aura la plaisir d&#039;animer la messe de 11h00 pour les lectures et les chants lors de la F\u00eate de l&#039;arriv\u00e9e du saint\" \/>\n<meta property=\"og:url\" content=\"https:\/\/villagesaintjoseph.org\/misericorde\/fete-de-larrivee-du-saint-cure-dars-13-fevrier-22\/\" \/>\n<meta property=\"og:site_name\" content=\"Foyer de Mis\u00e9ricorde\" \/>\n<meta property=\"article:published_time\" content=\"2022-01-19T18:29:19+00:00\" \/>\n<meta property=\"article:modified_time\" content=\"2022-01-20T11:29:16+00:00\" \/>\n<meta property=\"og:image\" content=\"https:\/\/villagesaintjoseph.org\/misericorde\/wp-content\/uploads\/sites\/3\/2022\/01\/IMG_0152-6-scaled.jpg\" \/>\n\t<meta property=\"og:image:width\" content=\"2560\" \/>\n\t<meta property=\"og:image:height\" content=\"1706\" \/>\n\t<meta property=\"og:image:type\" content=\"image\/jpeg\" \/>\n<meta name=\"author\" content=\"contactars\" \/>\n<meta name=\"twitter:card\" content=\"summary_large_image\" \/>\n<meta name=\"twitter:label1\" content=\"\u00c9crit par\" \/>\n\t<meta name=\"twitter:data1\" content=\"contactars\" \/>\n\t<meta name=\"twitter:label2\" content=\"Dur\u00e9e de lecture estim\u00e9e\" \/>\n\t<meta name=\"twitter:data2\" content=\"1 minute\" \/>\n<script type=\"application\/ld+json\" class=\"yoast-schema-graph\">{\"@context\":\"https:\\\/\\\/schema.org\",\"@graph\":[{\"@type\":\"Article\",\"@id\":\"https:\\\/\\\/villagesaintjoseph.org\\\/misericorde\\\/fete-de-larrivee-du-saint-cure-dars-13-fevrier-22\\\/#article\",\"isPartOf\":{\"@id\":\"https:\\\/\\\/villagesaintjoseph.org\\\/misericorde\\\/fete-de-larrivee-du-saint-cure-dars-13-fevrier-22\\\/\"},\"author\":{\"name\":\"contactars\",\"@id\":\"https:\\\/\\\/villagesaintjoseph.org\\\/misericorde\\\/#\\\/schema\\\/person\\\/01fcd1646c5c1db536123c012d1fafb3\"},\"headline\":\"Le Foyer de Mis\u00e9ricorde anime la messe durant la f\u00eate de l&rsquo;arriv\u00e9e du Saint Cur\u00e9 \u00e0 Ars &#8211; 13 f\u00e9vrier 22\",\"datePublished\":\"2022-01-19T18:29:19+00:00\",\"dateModified\":\"2022-01-20T11:29:16+00:00\",\"mainEntityOfPage\":{\"@id\":\"https:\\\/\\\/villagesaintjoseph.org\\\/misericorde\\\/fete-de-larrivee-du-saint-cure-dars-13-fevrier-22\\\/\"},\"wordCount\":156,\"image\":{\"@id\":\"https:\\\/\\\/villagesaintjoseph.org\\\/misericorde\\\/fete-de-larrivee-du-saint-cure-dars-13-fevrier-22\\\/#primaryimage\"},\"thumbnailUrl\":\"https:\\\/\\\/villagesaintjoseph.org\\\/misericorde\\\/wp-content\\\/uploads\\\/sites\\\/3\\\/2022\\\/01\\\/IMG_0152-6-scaled.jpg\",\"articleSection\":[\"Actualit\u00e9s\"],\"inLanguage\":\"fr-FR\"},{\"@type\":\"WebPage\",\"@id\":\"https:\\\/\\\/villagesaintjoseph.org\\\/misericorde\\\/fete-de-larrivee-du-saint-cure-dars-13-fevrier-22\\\/\",\"url\":\"https:\\\/\\\/villagesaintjoseph.org\\\/misericorde\\\/fete-de-larrivee-du-saint-cure-dars-13-fevrier-22\\\/\",\"name\":\"Foyer de Mis\u00e9ricorde Le Foyer de Mis\u00e9ricorde anime la messe durant la f\u00eate de l'arriv\u00e9e du Saint Cur\u00e9 \u00e0 Ars - 13 f\u00e9vrier 22 - Foyer de Mis\u00e9ricorde\",\"isPartOf\":{\"@id\":\"https:\\\/\\\/villagesaintjoseph.org\\\/misericorde\\\/#website\"},\"primaryImageOfPage\":{\"@id\":\"https:\\\/\\\/villagesaintjoseph.org\\\/misericorde\\\/fete-de-larrivee-du-saint-cure-dars-13-fevrier-22\\\/#primaryimage\"},\"image\":{\"@id\":\"https:\\\/\\\/villagesaintjoseph.org\\\/misericorde\\\/fete-de-larrivee-du-saint-cure-dars-13-fevrier-22\\\/#primaryimage\"},\"thumbnailUrl\":\"https:\\\/\\\/villagesaintjoseph.org\\\/misericorde\\\/wp-content\\\/uploads\\\/sites\\\/3\\\/2022\\\/01\\\/IMG_0152-6-scaled.jpg\",\"datePublished\":\"2022-01-19T18:29:19+00:00\",\"dateModified\":\"2022-01-20T11:29:16+00:00\",\"author\":{\"@id\":\"https:\\\/\\\/villagesaintjoseph.org\\\/misericorde\\\/#\\\/schema\\\/person\\\/01fcd1646c5c1db536123c012d1fafb3\"},\"description\":\"Le 13 f\u00e9vrier le Foyer de Mis\u00e9ricorde aura la plaisir d'animer la messe de 11h00 pour les lectures et les chants lors de la F\u00eate de l'arriv\u00e9e du saint\",\"breadcrumb\":{\"@id\":\"https:\\\/\\\/villagesaintjoseph.org\\\/misericorde\\\/fete-de-larrivee-du-saint-cure-dars-13-fevrier-22\\\/#breadcrumb\"},\"inLanguage\":\"fr-FR\",\"potentialAction\":[{\"@type\":\"ReadAction\",\"target\":[\"https:\\\/\\\/villagesaintjoseph.org\\\/misericorde\\\/fete-de-larrivee-du-saint-cure-dars-13-fevrier-22\\\/\"]}]},{\"@type\":\"ImageObject\",\"inLanguage\":\"fr-FR\",\"@id\":\"https:\\\/\\\/villagesaintjoseph.org\\\/misericorde\\\/fete-de-larrivee-du-saint-cure-dars-13-fevrier-22\\\/#primaryimage\",\"url\":\"https:\\\/\\\/villagesaintjoseph.org\\\/misericorde\\\/wp-content\\\/uploads\\\/sites\\\/3\\\/2022\\\/01\\\/IMG_0152-6-scaled.jpg\",\"contentUrl\":\"https:\\\/\\\/villagesaintjoseph.org\\\/misericorde\\\/wp-content\\\/uploads\\\/sites\\\/3\\\/2022\\\/01\\\/IMG_0152-6-scaled.jpg\",\"width\":2560,\"height\":1706},{\"@type\":\"BreadcrumbList\",\"@id\":\"https:\\\/\\\/villagesaintjoseph.org\\\/misericorde\\\/fete-de-larrivee-du-saint-cure-dars-13-fevrier-22\\\/#breadcrumb\",\"itemListElement\":[{\"@type\":\"ListItem\",\"position\":1,\"name\":\"Accueil\",\"item\":\"https:\\\/\\\/villagesaintjoseph.org\\\/misericorde\\\/\"},{\"@type\":\"ListItem\",\"position\":2,\"name\":\"Actualit\u00e9s\",\"item\":\"https:\\\/\\\/villagesaintjoseph.org\\\/misericorde\\\/category\\\/actualites\\\/\"},{\"@type\":\"ListItem\",\"position\":3,\"name\":\"Le Foyer de Mis\u00e9ricorde anime la messe durant la f\u00eate de l&rsquo;arriv\u00e9e du Saint Cur\u00e9 \u00e0 Ars &#8211; 13 f\u00e9vrier 22\"}]},{\"@type\":\"WebSite\",\"@id\":\"https:\\\/\\\/villagesaintjoseph.org\\\/misericorde\\\/#website\",\"url\":\"https:\\\/\\\/villagesaintjoseph.org\\\/misericorde\\\/\",\"name\":\"Foyer de Mis\u00e9ricorde\",\"description\":\"\",\"potentialAction\":[{\"@type\":\"SearchAction\",\"target\":{\"@type\":\"EntryPoint\",\"urlTemplate\":\"https:\\\/\\\/villagesaintjoseph.org\\\/misericorde\\\/?s={search_term_string}\"},\"query-input\":{\"@type\":\"PropertyValueSpecification\",\"valueRequired\":true,\"valueName\":\"search_term_string\"}}],\"inLanguage\":\"fr-FR\"},{\"@type\":\"Person\",\"@id\":\"https:\\\/\\\/villagesaintjoseph.org\\\/misericorde\\\/#\\\/schema\\\/person\\\/01fcd1646c5c1db536123c012d1fafb3\",\"name\":\"contactars\",\"image\":{\"@type\":\"ImageObject\",\"inLanguage\":\"fr-FR\",\"@id\":\"https:\\\/\\\/secure.gravatar.com\\\/avatar\\\/1d7f6da2b55f29921a8d43b6ab3744d79f8f3eaa6d15ae0825df1a5791b0c657?s=96&d=mm&r=g\",\"url\":\"https:\\\/\\\/secure.gravatar.com\\\/avatar\\\/1d7f6da2b55f29921a8d43b6ab3744d79f8f3eaa6d15ae0825df1a5791b0c657?s=96&d=mm&r=g\",\"contentUrl\":\"https:\\\/\\\/secure.gravatar.com\\\/avatar\\\/1d7f6da2b55f29921a8d43b6ab3744d79f8f3eaa6d15ae0825df1a5791b0c657?s=96&d=mm&r=g\",\"caption\":\"contactars\"}}]}<\/script>\n<!-- \/ Yoast SEO plugin. -->","yoast_head_json":{"title":"Foyer de Mis\u00e9ricorde Le Foyer de Mis\u00e9ricorde anime la messe durant la f\u00eate de l'arriv\u00e9e du Saint Cur\u00e9 \u00e0 Ars - 13 f\u00e9vrier 22 - Foyer de Mis\u00e9ricorde","description":"Le 13 f\u00e9vrier le Foyer de Mis\u00e9ricorde aura la plaisir d'animer la messe de 11h00 pour les lectures et les chants lors de la F\u00eate de l'arriv\u00e9e du saint","robots":{"index":"index","follow":"follow","max-snippet":"max-snippet:-1","max-image-preview":"max-image-preview:large","max-video-preview":"max-video-preview:-1"},"canonical":"https:\/\/villagesaintjoseph.org\/misericorde\/fete-de-larrivee-du-saint-cure-dars-13-fevrier-22\/","og_locale":"fr_FR","og_type":"article","og_title":"Foyer de Mis\u00e9ricorde Le Foyer de Mis\u00e9ricorde anime la messe durant la f\u00eate de l'arriv\u00e9e du Saint Cur\u00e9 \u00e0 Ars - 13 f\u00e9vrier 22 - Foyer de Mis\u00e9ricorde","og_description":"Le 13 f\u00e9vrier le Foyer de Mis\u00e9ricorde aura la plaisir d'animer la messe de 11h00 pour les lectures et les chants lors de la F\u00eate de l'arriv\u00e9e du saint","og_url":"https:\/\/villagesaintjoseph.org\/misericorde\/fete-de-larrivee-du-saint-cure-dars-13-fevrier-22\/","og_site_name":"Foyer de Mis\u00e9ricorde","article_published_time":"2022-01-19T18:29:19+00:00","article_modified_time":"2022-01-20T11:29:16+00:00","og_image":[{"width":2560,"height":1706,"url":"https:\/\/villagesaintjoseph.org\/misericorde\/wp-content\/uploads\/sites\/3\/2022\/01\/IMG_0152-6-scaled.jpg","type":"image\/jpeg"}],"author":"contactars","twitter_card":"summary_large_image","twitter_misc":{"\u00c9crit par":"contactars","Dur\u00e9e de lecture estim\u00e9e":"1 minute"},"schema":{"@context":"https:\/\/schema.org","@graph":[{"@type":"Article","@id":"https:\/\/villagesaintjoseph.org\/misericorde\/fete-de-larrivee-du-saint-cure-dars-13-fevrier-22\/#article","isPartOf":{"@id":"https:\/\/villagesaintjoseph.org\/misericorde\/fete-de-larrivee-du-saint-cure-dars-13-fevrier-22\/"},"author":{"name":"contactars","@id":"https:\/\/villagesaintjoseph.org\/misericorde\/#\/schema\/person\/01fcd1646c5c1db536123c012d1fafb3"},"headline":"Le Foyer de Mis\u00e9ricorde anime la messe durant la f\u00eate de l&rsquo;arriv\u00e9e du Saint Cur\u00e9 \u00e0 Ars &#8211; 13 f\u00e9vrier 22","datePublished":"2022-01-19T18:29:19+00:00","dateModified":"2022-01-20T11:29:16+00:00","mainEntityOfPage":{"@id":"https:\/\/villagesaintjoseph.org\/misericorde\/fete-de-larrivee-du-saint-cure-dars-13-fevrier-22\/"},"wordCount":156,"image":{"@id":"https:\/\/villagesaintjoseph.org\/misericorde\/fete-de-larrivee-du-saint-cure-dars-13-fevrier-22\/#primaryimage"},"thumbnailUrl":"https:\/\/villagesaintjoseph.org\/misericorde\/wp-content\/uploads\/sites\/3\/2022\/01\/IMG_0152-6-scaled.jpg","articleSection":["Actualit\u00e9s"],"inLanguage":"fr-FR"},{"@type":"WebPage","@id":"https:\/\/villagesaintjoseph.org\/misericorde\/fete-de-larrivee-du-saint-cure-dars-13-fevrier-22\/","url":"https:\/\/villagesaintjoseph.org\/misericorde\/fete-de-larrivee-du-saint-cure-dars-13-fevrier-22\/","name":"Foyer de Mis\u00e9ricorde Le Foyer de Mis\u00e9ricorde anime la messe durant la f\u00eate de l'arriv\u00e9e du Saint Cur\u00e9 \u00e0 Ars - 13 f\u00e9vrier 22 - Foyer de Mis\u00e9ricorde","isPartOf":{"@id":"https:\/\/villagesaintjoseph.org\/misericorde\/#website"},"primaryImageOfPage":{"@id":"https:\/\/villagesaintjoseph.org\/misericorde\/fete-de-larrivee-du-saint-cure-dars-13-fevrier-22\/#primaryimage"},"image":{"@id":"https:\/\/villagesaintjoseph.org\/misericorde\/fete-de-larrivee-du-saint-cure-dars-13-fevrier-22\/#primaryimage"},"thumbnailUrl":"https:\/\/villagesaintjoseph.org\/misericorde\/wp-content\/uploads\/sites\/3\/2022\/01\/IMG_0152-6-scaled.jpg","datePublished":"2022-01-19T18:29:19+00:00","dateModified":"2022-01-20T11:29:16+00:00","author":{"@id":"https:\/\/villagesaintjoseph.org\/misericorde\/#\/schema\/person\/01fcd1646c5c1db536123c012d1fafb3"},"description":"Le 13 f\u00e9vrier le Foyer de Mis\u00e9ricorde aura la plaisir d'animer la messe de 11h00 pour les lectures et les chants lors de la F\u00eate de l'arriv\u00e9e du saint","breadcrumb":{"@id":"https:\/\/villagesaintjoseph.org\/misericorde\/fete-de-larrivee-du-saint-cure-dars-13-fevrier-22\/#breadcrumb"},"inLanguage":"fr-FR","potentialAction":[{"@type":"ReadAction","target":["https:\/\/villagesaintjoseph.org\/misericorde\/fete-de-larrivee-du-saint-cure-dars-13-fevrier-22\/"]}]},{"@type":"ImageObject","inLanguage":"fr-FR","@id":"https:\/\/villagesaintjoseph.org\/misericorde\/fete-de-larrivee-du-saint-cure-dars-13-fevrier-22\/#primaryimage","url":"https:\/\/villagesaintjoseph.org\/misericorde\/wp-content\/uploads\/sites\/3\/2022\/01\/IMG_0152-6-scaled.jpg","contentUrl":"https:\/\/villagesaintjoseph.org\/misericorde\/wp-content\/uploads\/sites\/3\/2022\/01\/IMG_0152-6-scaled.jpg","width":2560,"height":1706},{"@type":"BreadcrumbList","@id":"https:\/\/villagesaintjoseph.org\/misericorde\/fete-de-larrivee-du-saint-cure-dars-13-fevrier-22\/#breadcrumb","itemListElement":[{"@type":"ListItem","position":1,"name":"Accueil","item":"https:\/\/villagesaintjoseph.org\/misericorde\/"},{"@type":"ListItem","position":2,"name":"Actualit\u00e9s","item":"https:\/\/villagesaintjoseph.org\/misericorde\/category\/actualites\/"},{"@type":"ListItem","position":3,"name":"Le Foyer de Mis\u00e9ricorde anime la messe durant la f\u00eate de l&rsquo;arriv\u00e9e du Saint Cur\u00e9 \u00e0 Ars &#8211; 13 f\u00e9vrier 22"}]},{"@type":"WebSite","@id":"https:\/\/villagesaintjoseph.org\/misericorde\/#website","url":"https:\/\/villagesaintjoseph.org\/misericorde\/","name":"Foyer de Mis\u00e9ricorde","description":"","potentialAction":[{"@type":"SearchAction","target":{"@type":"EntryPoint","urlTemplate":"https:\/\/villagesaintjoseph.org\/misericorde\/?s={search_term_string}"},"query-input":{"@type":"PropertyValueSpecification","valueRequired":true,"valueName":"search_term_string"}}],"inLanguage":"fr-FR"},{"@type":"Person","@id":"https:\/\/villagesaintjoseph.org\/misericorde\/#\/schema\/person\/01fcd1646c5c1db536123c012d1fafb3","name":"contactars","image":{"@type":"ImageObject","inLanguage":"fr-FR","@id":"https:\/\/secure.gravatar.com\/avatar\/1d7f6da2b55f29921a8d43b6ab3744d79f8f3eaa6d15ae0825df1a5791b0c657?s=96&d=mm&r=g","url":"https:\/\/secure.gravatar.com\/avatar\/1d7f6da2b55f29921a8d43b6ab3744d79f8f3eaa6d15ae0825df1a5791b0c657?s=96&d=mm&r=g","contentUrl":"https:\/\/secure.gravatar.com\/avatar\/1d7f6da2b55f29921a8d43b6ab3744d79f8f3eaa6d15ae0825df1a5791b0c657?s=96&d=mm&r=g","caption":"contactars"}}]}},"_links":{"self":[{"href":"https:\/\/villagesaintjoseph.org\/misericorde\/wp-json\/wp\/v2\/posts\/885","targetHints":{"allow":["GET"]}}],"collection":[{"href":"https:\/\/villagesaintjoseph.org\/misericorde\/wp-json\/wp\/v2\/posts"}],"about":[{"href":"https:\/\/villagesaintjoseph.org\/misericorde\/wp-json\/wp\/v2\/types\/post"}],"author":[{"embeddable":true,"href":"https:\/\/villagesaintjoseph.org\/misericorde\/wp-json\/wp\/v2\/users\/15"}],"replies":[{"embeddable":true,"href":"https:\/\/villagesaintjoseph.org\/misericorde\/wp-json\/wp\/v2\/comments?post=885"}],"version-history":[{"count":2,"href":"https:\/\/villagesaintjoseph.org\/misericorde\/wp-json\/wp\/v2\/posts\/885\/revisions"}],"predecessor-version":[{"id":893,"href":"https:\/\/villagesaintjoseph.org\/misericorde\/wp-json\/wp\/v2\/posts\/885\/revisions\/893"}],"wp:featuredmedia":[{"embeddable":true,"href":"https:\/\/villagesaintjoseph.org\/misericorde\/wp-json\/wp\/v2\/media\/886"}],"wp:attachment":[{"href":"https:\/\/villagesaintjoseph.org\/misericorde\/wp-json\/wp\/v2\/media?parent=885"}],"wp:term":[{"taxonomy":"category","embeddable":true,"href":"https:\/\/villagesaintjoseph.org\/misericorde\/wp-json\/wp\/v2\/categories?post=885"}],"curies":[{"name":"wp","href":"https:\/\/api.w.org\/{rel}","templated":true}]}}