{"id":921,"date":"2022-04-14T08:58:00","date_gmt":"2022-04-14T06:58:00","guid":{"rendered":"https:\/\/villagesaintjoseph.org\/misericorde\/?p=921"},"modified":"2022-04-12T13:06:53","modified_gmt":"2022-04-12T11:06:53","slug":"chantier-amenagement-de-latelier","status":"publish","type":"post","link":"https:\/\/villagesaintjoseph.org\/misericorde\/chantier-amenagement-de-latelier\/","title":{"rendered":"Chantier am\u00e9nagement de l&rsquo;atelier"},"content":{"rendered":"\n<figure class=\"wp-block-image size-large\"><img loading=\"lazy\" decoding=\"async\" width=\"1024\" height=\"512\" src=\"https:\/\/villagesaintjoseph.org\/misericorde\/wp-content\/uploads\/sites\/3\/2022\/04\/Copie-de-2022-2-1024x512.png\" alt=\"\" class=\"wp-image-922\" srcset=\"https:\/\/villagesaintjoseph.org\/misericorde\/wp-content\/uploads\/sites\/3\/2022\/04\/Copie-de-2022-2-1024x512.png 1024w, https:\/\/villagesaintjoseph.org\/misericorde\/wp-content\/uploads\/sites\/3\/2022\/04\/Copie-de-2022-2-300x150.png 300w, https:\/\/villagesaintjoseph.org\/misericorde\/wp-content\/uploads\/sites\/3\/2022\/04\/Copie-de-2022-2-768x384.png 768w, https:\/\/villagesaintjoseph.org\/misericorde\/wp-content\/uploads\/sites\/3\/2022\/04\/Copie-de-2022-2-500x250.png 500w, https:\/\/villagesaintjoseph.org\/misericorde\/wp-content\/uploads\/sites\/3\/2022\/04\/Copie-de-2022-2.png 1181w\" sizes=\"auto, (max-width: 1024px) 100vw, 1024px\" \/><\/figure>\n\n\n\n<p>Un des grands chantiers de printemps orchestr\u00e9 avec le sourire par Laurent qui s&rsquo;est mis au service du Foyer depuis plusieurs mois. Avec nos fr\u00e8res et s\u0153urs, il  pilote le projet d&rsquo;am\u00e9nagement de l&rsquo;atelier, son rangement et la recherche d&rsquo;outils qui nous manquent encore. Si vous avez des caisses \u00e0 outils, de l&rsquo;outillage dont vous n&rsquo;avez plus besoin&#8230; Pensez \u00e0 nous ! <\/p>\n","protected":false},"excerpt":{"rendered":"<p>Un des grands chantiers de printemps orchestr\u00e9 avec le sourire par Laurent qui s&rsquo;est mis au service du Foyer depuis plusieurs mois. Avec nos fr\u00e8res et s\u0153urs, il pilote le projet d&rsquo;am\u00e9nagement de l&rsquo;atelier, son rangement et la recherche d&rsquo;outils qui nous manquent encore. Si vous avez des caisses \u00e0 outils, de l&rsquo;outillage dont vous [&hellip;]<\/p>\n","protected":false},"author":15,"featured_media":922,"comment_status":"closed","ping_status":"closed","sticky":false,"template":"","format":"standard","meta":{"inline_featured_image":false,"footnotes":""},"categories":[4],"class_list":["post-921","post","type-post","status-publish","format-standard","has-post-thumbnail","hentry","category-actualites"],"acf":[],"yoast_head":"<!-- This site is optimized with the Yoast SEO plugin v27.5 - https:\/\/yoast.com\/product\/yoast-seo-wordpress\/ -->\n<title>Foyer de Mis\u00e9ricorde Chantier am\u00e9nagement de l&#039;atelier - Foyer de Mis\u00e9ricorde<\/title>\n<meta name=\"description\" content=\"Un des grands chantiers de printemps orchestr\u00e9 avec le sourire par Laurent qui s&#039;est mis au service du Foyer depuis plusieurs mois. Avec nos fr\u00e8res et\" \/>\n<meta name=\"robots\" content=\"index, follow, max-snippet:-1, max-image-preview:large, max-video-preview:-1\" \/>\n<link rel=\"canonical\" href=\"https:\/\/villagesaintjoseph.org\/misericorde\/chantier-amenagement-de-latelier\/\" \/>\n<meta property=\"og:locale\" content=\"fr_FR\" \/>\n<meta property=\"og:type\" content=\"article\" \/>\n<meta property=\"og:title\" content=\"Foyer de Mis\u00e9ricorde Chantier am\u00e9nagement de l&#039;atelier - Foyer de Mis\u00e9ricorde\" \/>\n<meta property=\"og:description\" content=\"Un des grands chantiers de printemps orchestr\u00e9 avec le sourire par Laurent qui s&#039;est mis au service du Foyer depuis plusieurs mois. Avec nos fr\u00e8res et\" \/>\n<meta property=\"og:url\" content=\"https:\/\/villagesaintjoseph.org\/misericorde\/chantier-amenagement-de-latelier\/\" \/>\n<meta property=\"og:site_name\" content=\"Foyer de Mis\u00e9ricorde\" \/>\n<meta property=\"article:published_time\" content=\"2022-04-14T06:58:00+00:00\" \/>\n<meta property=\"og:image\" content=\"https:\/\/villagesaintjoseph.org\/misericorde\/wp-content\/uploads\/sites\/3\/2022\/04\/Copie-de-2022-2.png\" \/>\n\t<meta property=\"og:image:width\" content=\"1181\" \/>\n\t<meta property=\"og:image:height\" content=\"591\" \/>\n\t<meta property=\"og:image:type\" content=\"image\/png\" \/>\n<meta name=\"author\" content=\"contactars\" \/>\n<meta name=\"twitter:card\" content=\"summary_large_image\" \/>\n<meta name=\"twitter:label1\" content=\"\u00c9crit par\" \/>\n\t<meta name=\"twitter:data1\" content=\"contactars\" \/>\n\t<meta name=\"twitter:label2\" content=\"Dur\u00e9e de lecture estim\u00e9e\" \/>\n\t<meta name=\"twitter:data2\" content=\"1 minute\" \/>\n<script type=\"application\/ld+json\" class=\"yoast-schema-graph\">{\"@context\":\"https:\\\/\\\/schema.org\",\"@graph\":[{\"@type\":\"Article\",\"@id\":\"https:\\\/\\\/villagesaintjoseph.org\\\/misericorde\\\/chantier-amenagement-de-latelier\\\/#article\",\"isPartOf\":{\"@id\":\"https:\\\/\\\/villagesaintjoseph.org\\\/misericorde\\\/chantier-amenagement-de-latelier\\\/\"},\"author\":{\"name\":\"contactars\",\"@id\":\"https:\\\/\\\/villagesaintjoseph.org\\\/misericorde\\\/#\\\/schema\\\/person\\\/01fcd1646c5c1db536123c012d1fafb3\"},\"headline\":\"Chantier am\u00e9nagement de l&rsquo;atelier\",\"datePublished\":\"2022-04-14T06:58:00+00:00\",\"mainEntityOfPage\":{\"@id\":\"https:\\\/\\\/villagesaintjoseph.org\\\/misericorde\\\/chantier-amenagement-de-latelier\\\/\"},\"wordCount\":67,\"image\":{\"@id\":\"https:\\\/\\\/villagesaintjoseph.org\\\/misericorde\\\/chantier-amenagement-de-latelier\\\/#primaryimage\"},\"thumbnailUrl\":\"https:\\\/\\\/villagesaintjoseph.org\\\/misericorde\\\/wp-content\\\/uploads\\\/sites\\\/3\\\/2022\\\/04\\\/Copie-de-2022-2.png\",\"articleSection\":[\"Actualit\u00e9s\"],\"inLanguage\":\"fr-FR\"},{\"@type\":\"WebPage\",\"@id\":\"https:\\\/\\\/villagesaintjoseph.org\\\/misericorde\\\/chantier-amenagement-de-latelier\\\/\",\"url\":\"https:\\\/\\\/villagesaintjoseph.org\\\/misericorde\\\/chantier-amenagement-de-latelier\\\/\",\"name\":\"Foyer de Mis\u00e9ricorde Chantier am\u00e9nagement de l'atelier - Foyer de Mis\u00e9ricorde\",\"isPartOf\":{\"@id\":\"https:\\\/\\\/villagesaintjoseph.org\\\/misericorde\\\/#website\"},\"primaryImageOfPage\":{\"@id\":\"https:\\\/\\\/villagesaintjoseph.org\\\/misericorde\\\/chantier-amenagement-de-latelier\\\/#primaryimage\"},\"image\":{\"@id\":\"https:\\\/\\\/villagesaintjoseph.org\\\/misericorde\\\/chantier-amenagement-de-latelier\\\/#primaryimage\"},\"thumbnailUrl\":\"https:\\\/\\\/villagesaintjoseph.org\\\/misericorde\\\/wp-content\\\/uploads\\\/sites\\\/3\\\/2022\\\/04\\\/Copie-de-2022-2.png\",\"datePublished\":\"2022-04-14T06:58:00+00:00\",\"author\":{\"@id\":\"https:\\\/\\\/villagesaintjoseph.org\\\/misericorde\\\/#\\\/schema\\\/person\\\/01fcd1646c5c1db536123c012d1fafb3\"},\"description\":\"Un des grands chantiers de printemps orchestr\u00e9 avec le sourire par Laurent qui s'est mis au service du Foyer depuis plusieurs mois. Avec nos fr\u00e8res et\",\"breadcrumb\":{\"@id\":\"https:\\\/\\\/villagesaintjoseph.org\\\/misericorde\\\/chantier-amenagement-de-latelier\\\/#breadcrumb\"},\"inLanguage\":\"fr-FR\",\"potentialAction\":[{\"@type\":\"ReadAction\",\"target\":[\"https:\\\/\\\/villagesaintjoseph.org\\\/misericorde\\\/chantier-amenagement-de-latelier\\\/\"]}]},{\"@type\":\"ImageObject\",\"inLanguage\":\"fr-FR\",\"@id\":\"https:\\\/\\\/villagesaintjoseph.org\\\/misericorde\\\/chantier-amenagement-de-latelier\\\/#primaryimage\",\"url\":\"https:\\\/\\\/villagesaintjoseph.org\\\/misericorde\\\/wp-content\\\/uploads\\\/sites\\\/3\\\/2022\\\/04\\\/Copie-de-2022-2.png\",\"contentUrl\":\"https:\\\/\\\/villagesaintjoseph.org\\\/misericorde\\\/wp-content\\\/uploads\\\/sites\\\/3\\\/2022\\\/04\\\/Copie-de-2022-2.png\",\"width\":1181,\"height\":591},{\"@type\":\"BreadcrumbList\",\"@id\":\"https:\\\/\\\/villagesaintjoseph.org\\\/misericorde\\\/chantier-amenagement-de-latelier\\\/#breadcrumb\",\"itemListElement\":[{\"@type\":\"ListItem\",\"position\":1,\"name\":\"Accueil\",\"item\":\"https:\\\/\\\/villagesaintjoseph.org\\\/misericorde\\\/\"},{\"@type\":\"ListItem\",\"position\":2,\"name\":\"Actualit\u00e9s\",\"item\":\"https:\\\/\\\/villagesaintjoseph.org\\\/misericorde\\\/category\\\/actualites\\\/\"},{\"@type\":\"ListItem\",\"position\":3,\"name\":\"Chantier am\u00e9nagement de l&rsquo;atelier\"}]},{\"@type\":\"WebSite\",\"@id\":\"https:\\\/\\\/villagesaintjoseph.org\\\/misericorde\\\/#website\",\"url\":\"https:\\\/\\\/villagesaintjoseph.org\\\/misericorde\\\/\",\"name\":\"Foyer de Mis\u00e9ricorde\",\"description\":\"\",\"potentialAction\":[{\"@type\":\"SearchAction\",\"target\":{\"@type\":\"EntryPoint\",\"urlTemplate\":\"https:\\\/\\\/villagesaintjoseph.org\\\/misericorde\\\/?s={search_term_string}\"},\"query-input\":{\"@type\":\"PropertyValueSpecification\",\"valueRequired\":true,\"valueName\":\"search_term_string\"}}],\"inLanguage\":\"fr-FR\"},{\"@type\":\"Person\",\"@id\":\"https:\\\/\\\/villagesaintjoseph.org\\\/misericorde\\\/#\\\/schema\\\/person\\\/01fcd1646c5c1db536123c012d1fafb3\",\"name\":\"contactars\",\"image\":{\"@type\":\"ImageObject\",\"inLanguage\":\"fr-FR\",\"@id\":\"https:\\\/\\\/secure.gravatar.com\\\/avatar\\\/1d7f6da2b55f29921a8d43b6ab3744d79f8f3eaa6d15ae0825df1a5791b0c657?s=96&d=mm&r=g\",\"url\":\"https:\\\/\\\/secure.gravatar.com\\\/avatar\\\/1d7f6da2b55f29921a8d43b6ab3744d79f8f3eaa6d15ae0825df1a5791b0c657?s=96&d=mm&r=g\",\"contentUrl\":\"https:\\\/\\\/secure.gravatar.com\\\/avatar\\\/1d7f6da2b55f29921a8d43b6ab3744d79f8f3eaa6d15ae0825df1a5791b0c657?s=96&d=mm&r=g\",\"caption\":\"contactars\"}}]}<\/script>\n<!-- \/ Yoast SEO plugin. -->","yoast_head_json":{"title":"Foyer de Mis\u00e9ricorde Chantier am\u00e9nagement de l'atelier - Foyer de Mis\u00e9ricorde","description":"Un des grands chantiers de printemps orchestr\u00e9 avec le sourire par Laurent qui s'est mis au service du Foyer depuis plusieurs mois. Avec nos fr\u00e8res et","robots":{"index":"index","follow":"follow","max-snippet":"max-snippet:-1","max-image-preview":"max-image-preview:large","max-video-preview":"max-video-preview:-1"},"canonical":"https:\/\/villagesaintjoseph.org\/misericorde\/chantier-amenagement-de-latelier\/","og_locale":"fr_FR","og_type":"article","og_title":"Foyer de Mis\u00e9ricorde Chantier am\u00e9nagement de l'atelier - Foyer de Mis\u00e9ricorde","og_description":"Un des grands chantiers de printemps orchestr\u00e9 avec le sourire par Laurent qui s'est mis au service du Foyer depuis plusieurs mois. Avec nos fr\u00e8res et","og_url":"https:\/\/villagesaintjoseph.org\/misericorde\/chantier-amenagement-de-latelier\/","og_site_name":"Foyer de Mis\u00e9ricorde","article_published_time":"2022-04-14T06:58:00+00:00","og_image":[{"width":1181,"height":591,"url":"https:\/\/villagesaintjoseph.org\/misericorde\/wp-content\/uploads\/sites\/3\/2022\/04\/Copie-de-2022-2.png","type":"image\/png"}],"author":"contactars","twitter_card":"summary_large_image","twitter_misc":{"\u00c9crit par":"contactars","Dur\u00e9e de lecture estim\u00e9e":"1 minute"},"schema":{"@context":"https:\/\/schema.org","@graph":[{"@type":"Article","@id":"https:\/\/villagesaintjoseph.org\/misericorde\/chantier-amenagement-de-latelier\/#article","isPartOf":{"@id":"https:\/\/villagesaintjoseph.org\/misericorde\/chantier-amenagement-de-latelier\/"},"author":{"name":"contactars","@id":"https:\/\/villagesaintjoseph.org\/misericorde\/#\/schema\/person\/01fcd1646c5c1db536123c012d1fafb3"},"headline":"Chantier am\u00e9nagement de l&rsquo;atelier","datePublished":"2022-04-14T06:58:00+00:00","mainEntityOfPage":{"@id":"https:\/\/villagesaintjoseph.org\/misericorde\/chantier-amenagement-de-latelier\/"},"wordCount":67,"image":{"@id":"https:\/\/villagesaintjoseph.org\/misericorde\/chantier-amenagement-de-latelier\/#primaryimage"},"thumbnailUrl":"https:\/\/villagesaintjoseph.org\/misericorde\/wp-content\/uploads\/sites\/3\/2022\/04\/Copie-de-2022-2.png","articleSection":["Actualit\u00e9s"],"inLanguage":"fr-FR"},{"@type":"WebPage","@id":"https:\/\/villagesaintjoseph.org\/misericorde\/chantier-amenagement-de-latelier\/","url":"https:\/\/villagesaintjoseph.org\/misericorde\/chantier-amenagement-de-latelier\/","name":"Foyer de Mis\u00e9ricorde Chantier am\u00e9nagement de l'atelier - Foyer de Mis\u00e9ricorde","isPartOf":{"@id":"https:\/\/villagesaintjoseph.org\/misericorde\/#website"},"primaryImageOfPage":{"@id":"https:\/\/villagesaintjoseph.org\/misericorde\/chantier-amenagement-de-latelier\/#primaryimage"},"image":{"@id":"https:\/\/villagesaintjoseph.org\/misericorde\/chantier-amenagement-de-latelier\/#primaryimage"},"thumbnailUrl":"https:\/\/villagesaintjoseph.org\/misericorde\/wp-content\/uploads\/sites\/3\/2022\/04\/Copie-de-2022-2.png","datePublished":"2022-04-14T06:58:00+00:00","author":{"@id":"https:\/\/villagesaintjoseph.org\/misericorde\/#\/schema\/person\/01fcd1646c5c1db536123c012d1fafb3"},"description":"Un des grands chantiers de printemps orchestr\u00e9 avec le sourire par Laurent qui s'est mis au service du Foyer depuis plusieurs mois. Avec nos fr\u00e8res et","breadcrumb":{"@id":"https:\/\/villagesaintjoseph.org\/misericorde\/chantier-amenagement-de-latelier\/#breadcrumb"},"inLanguage":"fr-FR","potentialAction":[{"@type":"ReadAction","target":["https:\/\/villagesaintjoseph.org\/misericorde\/chantier-amenagement-de-latelier\/"]}]},{"@type":"ImageObject","inLanguage":"fr-FR","@id":"https:\/\/villagesaintjoseph.org\/misericorde\/chantier-amenagement-de-latelier\/#primaryimage","url":"https:\/\/villagesaintjoseph.org\/misericorde\/wp-content\/uploads\/sites\/3\/2022\/04\/Copie-de-2022-2.png","contentUrl":"https:\/\/villagesaintjoseph.org\/misericorde\/wp-content\/uploads\/sites\/3\/2022\/04\/Copie-de-2022-2.png","width":1181,"height":591},{"@type":"BreadcrumbList","@id":"https:\/\/villagesaintjoseph.org\/misericorde\/chantier-amenagement-de-latelier\/#breadcrumb","itemListElement":[{"@type":"ListItem","position":1,"name":"Accueil","item":"https:\/\/villagesaintjoseph.org\/misericorde\/"},{"@type":"ListItem","position":2,"name":"Actualit\u00e9s","item":"https:\/\/villagesaintjoseph.org\/misericorde\/category\/actualites\/"},{"@type":"ListItem","position":3,"name":"Chantier am\u00e9nagement de l&rsquo;atelier"}]},{"@type":"WebSite","@id":"https:\/\/villagesaintjoseph.org\/misericorde\/#website","url":"https:\/\/villagesaintjoseph.org\/misericorde\/","name":"Foyer de Mis\u00e9ricorde","description":"","potentialAction":[{"@type":"SearchAction","target":{"@type":"EntryPoint","urlTemplate":"https:\/\/villagesaintjoseph.org\/misericorde\/?s={search_term_string}"},"query-input":{"@type":"PropertyValueSpecification","valueRequired":true,"valueName":"search_term_string"}}],"inLanguage":"fr-FR"},{"@type":"Person","@id":"https:\/\/villagesaintjoseph.org\/misericorde\/#\/schema\/person\/01fcd1646c5c1db536123c012d1fafb3","name":"contactars","image":{"@type":"ImageObject","inLanguage":"fr-FR","@id":"https:\/\/secure.gravatar.com\/avatar\/1d7f6da2b55f29921a8d43b6ab3744d79f8f3eaa6d15ae0825df1a5791b0c657?s=96&d=mm&r=g","url":"https:\/\/secure.gravatar.com\/avatar\/1d7f6da2b55f29921a8d43b6ab3744d79f8f3eaa6d15ae0825df1a5791b0c657?s=96&d=mm&r=g","contentUrl":"https:\/\/secure.gravatar.com\/avatar\/1d7f6da2b55f29921a8d43b6ab3744d79f8f3eaa6d15ae0825df1a5791b0c657?s=96&d=mm&r=g","caption":"contactars"}}]}},"_links":{"self":[{"href":"https:\/\/villagesaintjoseph.org\/misericorde\/wp-json\/wp\/v2\/posts\/921","targetHints":{"allow":["GET"]}}],"collection":[{"href":"https:\/\/villagesaintjoseph.org\/misericorde\/wp-json\/wp\/v2\/posts"}],"about":[{"href":"https:\/\/villagesaintjoseph.org\/misericorde\/wp-json\/wp\/v2\/types\/post"}],"author":[{"embeddable":true,"href":"https:\/\/villagesaintjoseph.org\/misericorde\/wp-json\/wp\/v2\/users\/15"}],"replies":[{"embeddable":true,"href":"https:\/\/villagesaintjoseph.org\/misericorde\/wp-json\/wp\/v2\/comments?post=921"}],"version-history":[{"count":2,"href":"https:\/\/villagesaintjoseph.org\/misericorde\/wp-json\/wp\/v2\/posts\/921\/revisions"}],"predecessor-version":[{"id":925,"href":"https:\/\/villagesaintjoseph.org\/misericorde\/wp-json\/wp\/v2\/posts\/921\/revisions\/925"}],"wp:featuredmedia":[{"embeddable":true,"href":"https:\/\/villagesaintjoseph.org\/misericorde\/wp-json\/wp\/v2\/media\/922"}],"wp:attachment":[{"href":"https:\/\/villagesaintjoseph.org\/misericorde\/wp-json\/wp\/v2\/media?parent=921"}],"wp:term":[{"taxonomy":"category","embeddable":true,"href":"https:\/\/villagesaintjoseph.org\/misericorde\/wp-json\/wp\/v2\/categories?post=921"}],"curies":[{"name":"wp","href":"https:\/\/api.w.org\/{rel}","templated":true}]}}