{"id":1383,"date":"2026-03-12T21:53:09","date_gmt":"2026-03-12T20:53:09","guid":{"rendered":"https:\/\/villagesaintjoseph.org\/plounevez-quintin\/?p=1383"},"modified":"2026-03-12T21:58:53","modified_gmt":"2026-03-12T20:58:53","slug":"avec-larrivee-de-clemence-et-theodore-le-site-de-nazareth-rouvre-ce-mois-de-mars","status":"publish","type":"post","link":"https:\/\/villagesaintjoseph.org\/plounevez-quintin\/avec-larrivee-de-clemence-et-theodore-le-site-de-nazareth-rouvre-ce-mois-de-mars\/","title":{"rendered":"Avec l\u2019arriv\u00e9e de Cl\u00e9mence et Th\u00e9odore, le site de Nazareth rouvre ce mois de mars."},"content":{"rendered":"\n<div class=\"wp-block-columns is-layout-flex wp-container-core-columns-is-layout-28f84493 wp-block-columns-is-layout-flex\">\n<div class=\"wp-block-column is-layout-flow wp-block-column-is-layout-flow\">\n<p><\/p>\n\n\n\n<p>Une nouvelle famille arrive au Village de Plounevez sur le site de Nazareth !<\/p>\n\n\n\n<p>C&rsquo;est une grande JOIE ! <\/p>\n<\/div>\n\n\n\n<div class=\"wp-block-column is-layout-flow wp-block-column-is-layout-flow\">\n<figure class=\"wp-block-image size-large is-resized\"><img loading=\"lazy\" decoding=\"async\" width=\"1024\" height=\"768\" src=\"https:\/\/villagesaintjoseph.org\/plounevez-quintin\/wp-content\/uploads\/sites\/6\/2026\/03\/Sans-titre-1024x768.jpg\" alt=\"\" class=\"wp-image-1384\" style=\"width:236px;height:auto\" srcset=\"https:\/\/villagesaintjoseph.org\/plounevez-quintin\/wp-content\/uploads\/sites\/6\/2026\/03\/Sans-titre-1024x768.jpg 1024w, https:\/\/villagesaintjoseph.org\/plounevez-quintin\/wp-content\/uploads\/sites\/6\/2026\/03\/Sans-titre-300x225.jpg 300w, https:\/\/villagesaintjoseph.org\/plounevez-quintin\/wp-content\/uploads\/sites\/6\/2026\/03\/Sans-titre-768x576.jpg 768w, https:\/\/villagesaintjoseph.org\/plounevez-quintin\/wp-content\/uploads\/sites\/6\/2026\/03\/Sans-titre-1536x1152.jpg 1536w, https:\/\/villagesaintjoseph.org\/plounevez-quintin\/wp-content\/uploads\/sites\/6\/2026\/03\/Sans-titre-50x38.jpg 50w, https:\/\/villagesaintjoseph.org\/plounevez-quintin\/wp-content\/uploads\/sites\/6\/2026\/03\/Sans-titre-1400x1050.jpg 1400w, https:\/\/villagesaintjoseph.org\/plounevez-quintin\/wp-content\/uploads\/sites\/6\/2026\/03\/Sans-titre.jpg 1600w\" sizes=\"auto, (max-width: 1024px) 100vw, 1024px\" \/><\/figure>\n<\/div>\n<\/div>\n\n\n\n<p class=\"has-text-align-left\"> <\/p>\n\n\n\n<p class=\"has-text-align-left\"><strong>Atterrissage en douceur : Le t\u00e9moignage de Cl\u00e9mence et Th\u00e9odore<\/strong><\/p>\n\n\n\n<figure class=\"wp-block-image aligncenter size-full is-resized\"><img loading=\"lazy\" decoding=\"async\" width=\"719\" height=\"544\" src=\"https:\/\/villagesaintjoseph.org\/plounevez-quintin\/wp-content\/uploads\/sites\/6\/2026\/03\/Sans-titre-2.png\" alt=\"\" class=\"wp-image-1386\" style=\"aspect-ratio:1.3217543603590454;width:608px;height:auto\" srcset=\"https:\/\/villagesaintjoseph.org\/plounevez-quintin\/wp-content\/uploads\/sites\/6\/2026\/03\/Sans-titre-2.png 719w, https:\/\/villagesaintjoseph.org\/plounevez-quintin\/wp-content\/uploads\/sites\/6\/2026\/03\/Sans-titre-2-300x227.png 300w, https:\/\/villagesaintjoseph.org\/plounevez-quintin\/wp-content\/uploads\/sites\/6\/2026\/03\/Sans-titre-2-50x38.png 50w\" sizes=\"auto, (max-width: 719px) 100vw, 719px\" \/><\/figure>\n\n\n\n<p>\u00c7a y est, cela fait une semaine que nous avons pos\u00e9 nos valises \u00e0 Ploun\u00e9vez-Quintin.<br>Nous, c\u2019est Cl\u00e9mence et Th\u00e9odore, fra\u00eechement mari\u00e9s (on f\u00eatera dans 3 mois nos noces de \u2026 coton), en provenance de r\u00e9gion parisienne, et super motiv\u00e9s pour une aventure \u00e0 dur\u00e9e ind\u00e9termin\u00e9e au Village St Joseph de Nazareth.<\/p>\n\n\n\n<p><br>Le projet que nous avons, en lien avec toute l\u2019association, c\u2019est de faire de la belle maison de Nazareth un lieu d\u2019accueil pour des petits s\u00e9jours (quelques jours, quelques semaines) autour des<br>trois piliers du Village : proposition spirituelle, vie fraternelle, activit\u00e9s. Que ce soit une mani\u00e8re de partir en vacances, une fa\u00e7on de prendre un peu de distance de son quotidien, ou l&rsquo;envie de vivre une belle aventure humaine et spirituelle, chacun sera bienvenu et accueilli avec une grande joie ! Faites passez le mot !<\/p>\n\n\n\n<p><\/p>\n\n\n\n<p>Nous profitons de ces lignes pour remercier toute l\u2019association de sa confiance, et du bel accueil re\u00e7u, et pour rendre gr\u00e2ce \u00e0 Dieu de ce projet qui d\u00e9marre pour nous, car c\u2019est une aventure que nous d\u00e9sirons depuis longtemps, chacun d\u2019abord et tous les deux ensuite. Nous profitons de ces lignes pour remercier toute l\u2019association de sa confiance, et du bel accueil re\u00e7u, et pour rendre gr\u00e2ce \u00e0 Dieu de ce projet qui d\u00e9marre pour nous, car c\u2019est une aventure que nous d\u00e9sirons depuis longtemps, chacun d\u2019abord et tous les deux ensuite.<\/p>\n\n\n\n<p><\/p>\n\n\n\n<p>Amis du Village, \u00e0 bient\u00f4t, pour un bonjour, un bon repas, ou un petit s\u00e9jour \u00e0 Nazareth !<br>En attendant peut-\u00eatre une pendaison de cr\u00e9maill\u00e8re, festive et musicale ?<br><\/p>\n\n\n\n<figure class=\"wp-block-image aligncenter size-full\"><img loading=\"lazy\" decoding=\"async\" width=\"533\" height=\"503\" src=\"https:\/\/villagesaintjoseph.org\/plounevez-quintin\/wp-content\/uploads\/sites\/6\/2026\/03\/Sans-titre.png\" alt=\"\" class=\"wp-image-1388\" srcset=\"https:\/\/villagesaintjoseph.org\/plounevez-quintin\/wp-content\/uploads\/sites\/6\/2026\/03\/Sans-titre.png 533w, https:\/\/villagesaintjoseph.org\/plounevez-quintin\/wp-content\/uploads\/sites\/6\/2026\/03\/Sans-titre-300x283.png 300w, https:\/\/villagesaintjoseph.org\/plounevez-quintin\/wp-content\/uploads\/sites\/6\/2026\/03\/Sans-titre-50x47.png 50w\" sizes=\"auto, (max-width: 533px) 100vw, 533px\" \/><\/figure>\n\n\n\n<div class=\"wp-block-columns is-layout-flex wp-container-core-columns-is-layout-28f84493 wp-block-columns-is-layout-flex\">\n<div class=\"wp-block-column is-layout-flow wp-block-column-is-layout-flow\">\n<p><\/p>\n\n\n\n<p><br><\/p>\n<\/div>\n\n\n\n<div class=\"wp-block-column is-layout-flow wp-block-column-is-layout-flow\"><\/div>\n<\/div>\n","protected":false},"excerpt":{"rendered":"<p>Une nouvelle famille arrive au Village de Plounevez sur le site de Nazareth ! C&rsquo;est une grande JOIE ! Atterrissage en douceur : Le t\u00e9moignage de Cl\u00e9mence et Th\u00e9odore \u00c7a y est, cela fait une semaine que nous avons pos\u00e9 nos valises \u00e0 Ploun\u00e9vez-Quintin.Nous, c\u2019est Cl\u00e9mence et Th\u00e9odore, fra\u00eechement mari\u00e9s (on f\u00eatera dans 3 mois [&hellip;]<\/p>\n","protected":false},"author":10,"featured_media":1384,"comment_status":"closed","ping_status":"closed","sticky":false,"template":"","format":"standard","meta":{"inline_featured_image":false,"footnotes":""},"categories":[1],"class_list":["post-1383","post","type-post","status-publish","format-standard","has-post-thumbnail","hentry","category-actualites"],"acf":[],"yoast_head":"<!-- This site is optimized with the Yoast SEO plugin v27.5 - https:\/\/yoast.com\/product\/yoast-seo-wordpress\/ -->\n<title>Avec l\u2019arriv\u00e9e de Cl\u00e9mence et Th\u00e9odore, le site de Nazareth rouvre ce mois de mars. - Maison de Ploun\u00e9vez-Quintin<\/title>\n<meta name=\"description\" content=\"Une nouvelle famille arrive au Village de Plounevez sur le site de Nazareth ! C&#039;est une grande JOIE ! Atterrissage en douceur : Le t\u00e9moignage de Cl\u00e9mence\" \/>\n<meta name=\"robots\" content=\"index, follow, max-snippet:-1, max-image-preview:large, max-video-preview:-1\" \/>\n<link rel=\"canonical\" href=\"https:\/\/villagesaintjoseph.org\/plounevez-quintin\/avec-larrivee-de-clemence-et-theodore-le-site-de-nazareth-rouvre-ce-mois-de-mars\/\" \/>\n<meta property=\"og:locale\" content=\"fr_FR\" \/>\n<meta property=\"og:type\" content=\"article\" \/>\n<meta property=\"og:title\" content=\"Avec l\u2019arriv\u00e9e de Cl\u00e9mence et Th\u00e9odore, le site de Nazareth rouvre ce mois de mars. - Maison de Ploun\u00e9vez-Quintin\" \/>\n<meta property=\"og:description\" content=\"Une nouvelle famille arrive au Village de Plounevez sur le site de Nazareth ! C&#039;est une grande JOIE ! Atterrissage en douceur : Le t\u00e9moignage de Cl\u00e9mence\" \/>\n<meta property=\"og:url\" content=\"https:\/\/villagesaintjoseph.org\/plounevez-quintin\/avec-larrivee-de-clemence-et-theodore-le-site-de-nazareth-rouvre-ce-mois-de-mars\/\" \/>\n<meta property=\"og:site_name\" content=\"Maison de Ploun\u00e9vez-Quintin\" \/>\n<meta property=\"article:published_time\" content=\"2026-03-12T20:53:09+00:00\" \/>\n<meta property=\"article:modified_time\" content=\"2026-03-12T20:58:53+00:00\" \/>\n<meta property=\"og:image\" content=\"https:\/\/villagesaintjoseph.org\/plounevez-quintin\/wp-content\/uploads\/sites\/6\/2026\/03\/Sans-titre.jpg\" \/>\n\t<meta property=\"og:image:width\" content=\"1600\" \/>\n\t<meta property=\"og:image:height\" content=\"1200\" \/>\n\t<meta property=\"og:image:type\" content=\"image\/jpeg\" \/>\n<meta name=\"author\" content=\"plounevezquintin\" \/>\n<meta name=\"twitter:card\" content=\"summary_large_image\" \/>\n<meta name=\"twitter:label1\" content=\"\u00c9crit par\" \/>\n\t<meta name=\"twitter:data1\" content=\"plounevezquintin\" \/>\n\t<meta name=\"twitter:label2\" content=\"Dur\u00e9e de lecture estim\u00e9e\" \/>\n\t<meta name=\"twitter:data2\" content=\"2 minutes\" \/>\n<script type=\"application\/ld+json\" class=\"yoast-schema-graph\">{\"@context\":\"https:\\\/\\\/schema.org\",\"@graph\":[{\"@type\":\"Article\",\"@id\":\"https:\\\/\\\/villagesaintjoseph.org\\\/plounevez-quintin\\\/avec-larrivee-de-clemence-et-theodore-le-site-de-nazareth-rouvre-ce-mois-de-mars\\\/#article\",\"isPartOf\":{\"@id\":\"https:\\\/\\\/villagesaintjoseph.org\\\/plounevez-quintin\\\/avec-larrivee-de-clemence-et-theodore-le-site-de-nazareth-rouvre-ce-mois-de-mars\\\/\"},\"author\":{\"name\":\"plounevezquintin\",\"@id\":\"https:\\\/\\\/villagesaintjoseph.org\\\/plounevez-quintin\\\/#\\\/schema\\\/person\\\/f6259c205cb8f69b65b980da4e947077\"},\"headline\":\"Avec l\u2019arriv\u00e9e de Cl\u00e9mence et Th\u00e9odore, le site de Nazareth rouvre ce mois de mars.\",\"datePublished\":\"2026-03-12T20:53:09+00:00\",\"dateModified\":\"2026-03-12T20:58:53+00:00\",\"mainEntityOfPage\":{\"@id\":\"https:\\\/\\\/villagesaintjoseph.org\\\/plounevez-quintin\\\/avec-larrivee-de-clemence-et-theodore-le-site-de-nazareth-rouvre-ce-mois-de-mars\\\/\"},\"wordCount\":332,\"image\":{\"@id\":\"https:\\\/\\\/villagesaintjoseph.org\\\/plounevez-quintin\\\/avec-larrivee-de-clemence-et-theodore-le-site-de-nazareth-rouvre-ce-mois-de-mars\\\/#primaryimage\"},\"thumbnailUrl\":\"https:\\\/\\\/villagesaintjoseph.org\\\/plounevez-quintin\\\/wp-content\\\/uploads\\\/sites\\\/6\\\/2026\\\/03\\\/Sans-titre.jpg\",\"articleSection\":[\"Actualit\u00e9s\"],\"inLanguage\":\"fr-FR\"},{\"@type\":\"WebPage\",\"@id\":\"https:\\\/\\\/villagesaintjoseph.org\\\/plounevez-quintin\\\/avec-larrivee-de-clemence-et-theodore-le-site-de-nazareth-rouvre-ce-mois-de-mars\\\/\",\"url\":\"https:\\\/\\\/villagesaintjoseph.org\\\/plounevez-quintin\\\/avec-larrivee-de-clemence-et-theodore-le-site-de-nazareth-rouvre-ce-mois-de-mars\\\/\",\"name\":\"Avec l\u2019arriv\u00e9e de Cl\u00e9mence et Th\u00e9odore, le site de Nazareth rouvre ce mois de mars. - Maison de Ploun\u00e9vez-Quintin\",\"isPartOf\":{\"@id\":\"https:\\\/\\\/villagesaintjoseph.org\\\/plounevez-quintin\\\/#website\"},\"primaryImageOfPage\":{\"@id\":\"https:\\\/\\\/villagesaintjoseph.org\\\/plounevez-quintin\\\/avec-larrivee-de-clemence-et-theodore-le-site-de-nazareth-rouvre-ce-mois-de-mars\\\/#primaryimage\"},\"image\":{\"@id\":\"https:\\\/\\\/villagesaintjoseph.org\\\/plounevez-quintin\\\/avec-larrivee-de-clemence-et-theodore-le-site-de-nazareth-rouvre-ce-mois-de-mars\\\/#primaryimage\"},\"thumbnailUrl\":\"https:\\\/\\\/villagesaintjoseph.org\\\/plounevez-quintin\\\/wp-content\\\/uploads\\\/sites\\\/6\\\/2026\\\/03\\\/Sans-titre.jpg\",\"datePublished\":\"2026-03-12T20:53:09+00:00\",\"dateModified\":\"2026-03-12T20:58:53+00:00\",\"author\":{\"@id\":\"https:\\\/\\\/villagesaintjoseph.org\\\/plounevez-quintin\\\/#\\\/schema\\\/person\\\/f6259c205cb8f69b65b980da4e947077\"},\"description\":\"Une nouvelle famille arrive au Village de Plounevez sur le site de Nazareth ! C'est une grande JOIE ! Atterrissage en douceur : Le t\u00e9moignage de Cl\u00e9mence\",\"breadcrumb\":{\"@id\":\"https:\\\/\\\/villagesaintjoseph.org\\\/plounevez-quintin\\\/avec-larrivee-de-clemence-et-theodore-le-site-de-nazareth-rouvre-ce-mois-de-mars\\\/#breadcrumb\"},\"inLanguage\":\"fr-FR\",\"potentialAction\":[{\"@type\":\"ReadAction\",\"target\":[\"https:\\\/\\\/villagesaintjoseph.org\\\/plounevez-quintin\\\/avec-larrivee-de-clemence-et-theodore-le-site-de-nazareth-rouvre-ce-mois-de-mars\\\/\"]}]},{\"@type\":\"ImageObject\",\"inLanguage\":\"fr-FR\",\"@id\":\"https:\\\/\\\/villagesaintjoseph.org\\\/plounevez-quintin\\\/avec-larrivee-de-clemence-et-theodore-le-site-de-nazareth-rouvre-ce-mois-de-mars\\\/#primaryimage\",\"url\":\"https:\\\/\\\/villagesaintjoseph.org\\\/plounevez-quintin\\\/wp-content\\\/uploads\\\/sites\\\/6\\\/2026\\\/03\\\/Sans-titre.jpg\",\"contentUrl\":\"https:\\\/\\\/villagesaintjoseph.org\\\/plounevez-quintin\\\/wp-content\\\/uploads\\\/sites\\\/6\\\/2026\\\/03\\\/Sans-titre.jpg\",\"width\":1600,\"height\":1200},{\"@type\":\"BreadcrumbList\",\"@id\":\"https:\\\/\\\/villagesaintjoseph.org\\\/plounevez-quintin\\\/avec-larrivee-de-clemence-et-theodore-le-site-de-nazareth-rouvre-ce-mois-de-mars\\\/#breadcrumb\",\"itemListElement\":[{\"@type\":\"ListItem\",\"position\":1,\"name\":\"Accueil\",\"item\":\"https:\\\/\\\/villagesaintjoseph.org\\\/plounevez-quintin\\\/\"},{\"@type\":\"ListItem\",\"position\":2,\"name\":\"Actualit\u00e9s\",\"item\":\"https:\\\/\\\/villagesaintjoseph.org\\\/plounevez-quintin\\\/category\\\/actualites\\\/\"},{\"@type\":\"ListItem\",\"position\":3,\"name\":\"Avec l\u2019arriv\u00e9e de Cl\u00e9mence et Th\u00e9odore, le site de Nazareth rouvre ce mois de mars.\"}]},{\"@type\":\"WebSite\",\"@id\":\"https:\\\/\\\/villagesaintjoseph.org\\\/plounevez-quintin\\\/#website\",\"url\":\"https:\\\/\\\/villagesaintjoseph.org\\\/plounevez-quintin\\\/\",\"name\":\"Maison de Ploun\u00e9vez-Quintin\",\"description\":\"\",\"potentialAction\":[{\"@type\":\"SearchAction\",\"target\":{\"@type\":\"EntryPoint\",\"urlTemplate\":\"https:\\\/\\\/villagesaintjoseph.org\\\/plounevez-quintin\\\/?s={search_term_string}\"},\"query-input\":{\"@type\":\"PropertyValueSpecification\",\"valueRequired\":true,\"valueName\":\"search_term_string\"}}],\"inLanguage\":\"fr-FR\"},{\"@type\":\"Person\",\"@id\":\"https:\\\/\\\/villagesaintjoseph.org\\\/plounevez-quintin\\\/#\\\/schema\\\/person\\\/f6259c205cb8f69b65b980da4e947077\",\"name\":\"plounevezquintin\",\"image\":{\"@type\":\"ImageObject\",\"inLanguage\":\"fr-FR\",\"@id\":\"https:\\\/\\\/secure.gravatar.com\\\/avatar\\\/c8d94eb67513e3c73fd6b08ee1d9417911bb254fd6cf7a7737623adf4fbf9718?s=96&d=mm&r=g\",\"url\":\"https:\\\/\\\/secure.gravatar.com\\\/avatar\\\/c8d94eb67513e3c73fd6b08ee1d9417911bb254fd6cf7a7737623adf4fbf9718?s=96&d=mm&r=g\",\"contentUrl\":\"https:\\\/\\\/secure.gravatar.com\\\/avatar\\\/c8d94eb67513e3c73fd6b08ee1d9417911bb254fd6cf7a7737623adf4fbf9718?s=96&d=mm&r=g\",\"caption\":\"plounevezquintin\"}}]}<\/script>\n<!-- \/ Yoast SEO plugin. -->","yoast_head_json":{"title":"Avec l\u2019arriv\u00e9e de Cl\u00e9mence et Th\u00e9odore, le site de Nazareth rouvre ce mois de mars. - Maison de Ploun\u00e9vez-Quintin","description":"Une nouvelle famille arrive au Village de Plounevez sur le site de Nazareth ! C'est une grande JOIE ! Atterrissage en douceur : Le t\u00e9moignage de Cl\u00e9mence","robots":{"index":"index","follow":"follow","max-snippet":"max-snippet:-1","max-image-preview":"max-image-preview:large","max-video-preview":"max-video-preview:-1"},"canonical":"https:\/\/villagesaintjoseph.org\/plounevez-quintin\/avec-larrivee-de-clemence-et-theodore-le-site-de-nazareth-rouvre-ce-mois-de-mars\/","og_locale":"fr_FR","og_type":"article","og_title":"Avec l\u2019arriv\u00e9e de Cl\u00e9mence et Th\u00e9odore, le site de Nazareth rouvre ce mois de mars. - Maison de Ploun\u00e9vez-Quintin","og_description":"Une nouvelle famille arrive au Village de Plounevez sur le site de Nazareth ! C'est une grande JOIE ! Atterrissage en douceur : Le t\u00e9moignage de Cl\u00e9mence","og_url":"https:\/\/villagesaintjoseph.org\/plounevez-quintin\/avec-larrivee-de-clemence-et-theodore-le-site-de-nazareth-rouvre-ce-mois-de-mars\/","og_site_name":"Maison de Ploun\u00e9vez-Quintin","article_published_time":"2026-03-12T20:53:09+00:00","article_modified_time":"2026-03-12T20:58:53+00:00","og_image":[{"width":1600,"height":1200,"url":"https:\/\/villagesaintjoseph.org\/plounevez-quintin\/wp-content\/uploads\/sites\/6\/2026\/03\/Sans-titre.jpg","type":"image\/jpeg"}],"author":"plounevezquintin","twitter_card":"summary_large_image","twitter_misc":{"\u00c9crit par":"plounevezquintin","Dur\u00e9e de lecture estim\u00e9e":"2 minutes"},"schema":{"@context":"https:\/\/schema.org","@graph":[{"@type":"Article","@id":"https:\/\/villagesaintjoseph.org\/plounevez-quintin\/avec-larrivee-de-clemence-et-theodore-le-site-de-nazareth-rouvre-ce-mois-de-mars\/#article","isPartOf":{"@id":"https:\/\/villagesaintjoseph.org\/plounevez-quintin\/avec-larrivee-de-clemence-et-theodore-le-site-de-nazareth-rouvre-ce-mois-de-mars\/"},"author":{"name":"plounevezquintin","@id":"https:\/\/villagesaintjoseph.org\/plounevez-quintin\/#\/schema\/person\/f6259c205cb8f69b65b980da4e947077"},"headline":"Avec l\u2019arriv\u00e9e de Cl\u00e9mence et Th\u00e9odore, le site de Nazareth rouvre ce mois de mars.","datePublished":"2026-03-12T20:53:09+00:00","dateModified":"2026-03-12T20:58:53+00:00","mainEntityOfPage":{"@id":"https:\/\/villagesaintjoseph.org\/plounevez-quintin\/avec-larrivee-de-clemence-et-theodore-le-site-de-nazareth-rouvre-ce-mois-de-mars\/"},"wordCount":332,"image":{"@id":"https:\/\/villagesaintjoseph.org\/plounevez-quintin\/avec-larrivee-de-clemence-et-theodore-le-site-de-nazareth-rouvre-ce-mois-de-mars\/#primaryimage"},"thumbnailUrl":"https:\/\/villagesaintjoseph.org\/plounevez-quintin\/wp-content\/uploads\/sites\/6\/2026\/03\/Sans-titre.jpg","articleSection":["Actualit\u00e9s"],"inLanguage":"fr-FR"},{"@type":"WebPage","@id":"https:\/\/villagesaintjoseph.org\/plounevez-quintin\/avec-larrivee-de-clemence-et-theodore-le-site-de-nazareth-rouvre-ce-mois-de-mars\/","url":"https:\/\/villagesaintjoseph.org\/plounevez-quintin\/avec-larrivee-de-clemence-et-theodore-le-site-de-nazareth-rouvre-ce-mois-de-mars\/","name":"Avec l\u2019arriv\u00e9e de Cl\u00e9mence et Th\u00e9odore, le site de Nazareth rouvre ce mois de mars. - Maison de Ploun\u00e9vez-Quintin","isPartOf":{"@id":"https:\/\/villagesaintjoseph.org\/plounevez-quintin\/#website"},"primaryImageOfPage":{"@id":"https:\/\/villagesaintjoseph.org\/plounevez-quintin\/avec-larrivee-de-clemence-et-theodore-le-site-de-nazareth-rouvre-ce-mois-de-mars\/#primaryimage"},"image":{"@id":"https:\/\/villagesaintjoseph.org\/plounevez-quintin\/avec-larrivee-de-clemence-et-theodore-le-site-de-nazareth-rouvre-ce-mois-de-mars\/#primaryimage"},"thumbnailUrl":"https:\/\/villagesaintjoseph.org\/plounevez-quintin\/wp-content\/uploads\/sites\/6\/2026\/03\/Sans-titre.jpg","datePublished":"2026-03-12T20:53:09+00:00","dateModified":"2026-03-12T20:58:53+00:00","author":{"@id":"https:\/\/villagesaintjoseph.org\/plounevez-quintin\/#\/schema\/person\/f6259c205cb8f69b65b980da4e947077"},"description":"Une nouvelle famille arrive au Village de Plounevez sur le site de Nazareth ! C'est une grande JOIE ! Atterrissage en douceur : Le t\u00e9moignage de Cl\u00e9mence","breadcrumb":{"@id":"https:\/\/villagesaintjoseph.org\/plounevez-quintin\/avec-larrivee-de-clemence-et-theodore-le-site-de-nazareth-rouvre-ce-mois-de-mars\/#breadcrumb"},"inLanguage":"fr-FR","potentialAction":[{"@type":"ReadAction","target":["https:\/\/villagesaintjoseph.org\/plounevez-quintin\/avec-larrivee-de-clemence-et-theodore-le-site-de-nazareth-rouvre-ce-mois-de-mars\/"]}]},{"@type":"ImageObject","inLanguage":"fr-FR","@id":"https:\/\/villagesaintjoseph.org\/plounevez-quintin\/avec-larrivee-de-clemence-et-theodore-le-site-de-nazareth-rouvre-ce-mois-de-mars\/#primaryimage","url":"https:\/\/villagesaintjoseph.org\/plounevez-quintin\/wp-content\/uploads\/sites\/6\/2026\/03\/Sans-titre.jpg","contentUrl":"https:\/\/villagesaintjoseph.org\/plounevez-quintin\/wp-content\/uploads\/sites\/6\/2026\/03\/Sans-titre.jpg","width":1600,"height":1200},{"@type":"BreadcrumbList","@id":"https:\/\/villagesaintjoseph.org\/plounevez-quintin\/avec-larrivee-de-clemence-et-theodore-le-site-de-nazareth-rouvre-ce-mois-de-mars\/#breadcrumb","itemListElement":[{"@type":"ListItem","position":1,"name":"Accueil","item":"https:\/\/villagesaintjoseph.org\/plounevez-quintin\/"},{"@type":"ListItem","position":2,"name":"Actualit\u00e9s","item":"https:\/\/villagesaintjoseph.org\/plounevez-quintin\/category\/actualites\/"},{"@type":"ListItem","position":3,"name":"Avec l\u2019arriv\u00e9e de Cl\u00e9mence et Th\u00e9odore, le site de Nazareth rouvre ce mois de mars."}]},{"@type":"WebSite","@id":"https:\/\/villagesaintjoseph.org\/plounevez-quintin\/#website","url":"https:\/\/villagesaintjoseph.org\/plounevez-quintin\/","name":"Maison de Ploun\u00e9vez-Quintin","description":"","potentialAction":[{"@type":"SearchAction","target":{"@type":"EntryPoint","urlTemplate":"https:\/\/villagesaintjoseph.org\/plounevez-quintin\/?s={search_term_string}"},"query-input":{"@type":"PropertyValueSpecification","valueRequired":true,"valueName":"search_term_string"}}],"inLanguage":"fr-FR"},{"@type":"Person","@id":"https:\/\/villagesaintjoseph.org\/plounevez-quintin\/#\/schema\/person\/f6259c205cb8f69b65b980da4e947077","name":"plounevezquintin","image":{"@type":"ImageObject","inLanguage":"fr-FR","@id":"https:\/\/secure.gravatar.com\/avatar\/c8d94eb67513e3c73fd6b08ee1d9417911bb254fd6cf7a7737623adf4fbf9718?s=96&d=mm&r=g","url":"https:\/\/secure.gravatar.com\/avatar\/c8d94eb67513e3c73fd6b08ee1d9417911bb254fd6cf7a7737623adf4fbf9718?s=96&d=mm&r=g","contentUrl":"https:\/\/secure.gravatar.com\/avatar\/c8d94eb67513e3c73fd6b08ee1d9417911bb254fd6cf7a7737623adf4fbf9718?s=96&d=mm&r=g","caption":"plounevezquintin"}}]}},"_links":{"self":[{"href":"https:\/\/villagesaintjoseph.org\/plounevez-quintin\/wp-json\/wp\/v2\/posts\/1383","targetHints":{"allow":["GET"]}}],"collection":[{"href":"https:\/\/villagesaintjoseph.org\/plounevez-quintin\/wp-json\/wp\/v2\/posts"}],"about":[{"href":"https:\/\/villagesaintjoseph.org\/plounevez-quintin\/wp-json\/wp\/v2\/types\/post"}],"author":[{"embeddable":true,"href":"https:\/\/villagesaintjoseph.org\/plounevez-quintin\/wp-json\/wp\/v2\/users\/10"}],"replies":[{"embeddable":true,"href":"https:\/\/villagesaintjoseph.org\/plounevez-quintin\/wp-json\/wp\/v2\/comments?post=1383"}],"version-history":[{"count":4,"href":"https:\/\/villagesaintjoseph.org\/plounevez-quintin\/wp-json\/wp\/v2\/posts\/1383\/revisions"}],"predecessor-version":[{"id":1391,"href":"https:\/\/villagesaintjoseph.org\/plounevez-quintin\/wp-json\/wp\/v2\/posts\/1383\/revisions\/1391"}],"wp:featuredmedia":[{"embeddable":true,"href":"https:\/\/villagesaintjoseph.org\/plounevez-quintin\/wp-json\/wp\/v2\/media\/1384"}],"wp:attachment":[{"href":"https:\/\/villagesaintjoseph.org\/plounevez-quintin\/wp-json\/wp\/v2\/media?parent=1383"}],"wp:term":[{"taxonomy":"category","embeddable":true,"href":"https:\/\/villagesaintjoseph.org\/plounevez-quintin\/wp-json\/wp\/v2\/categories?post=1383"}],"curies":[{"name":"wp","href":"https:\/\/api.w.org\/{rel}","templated":true}]}}