{"id":2956,"date":"2026-09-01T21:43:07","date_gmt":"2026-09-01T19:43:07","guid":{"rendered":"https:\/\/villagesaintjoseph.org\/saintefamille\/?p=2956"},"modified":"2026-09-01T22:31:20","modified_gmt":"2026-09-01T20:31:20","slug":"debut-de-laccueil-janv-2026","status":"publish","type":"post","link":"https:\/\/villagesaintjoseph.org\/saintefamille\/2026\/09\/01\/debut-de-laccueil-janv-2026\/","title":{"rendered":"Debut de l&rsquo;accueil &#8211; Janv 2026"},"content":{"rendered":"\n<p>Depuis le 19 janvier, nous avons commenc\u00e9 l\u2019accueil: la premi\u00e8re semaine<br>a \u00e9t\u00e9 intense: 3 personnes accueillies \u00e0 quelques jours d\u2019intervalle.<br>Apprendre \u00e0 se conna\u00eetre, d\u00e9couvrir et int\u00e9grer les r\u00e8gles de vie et le<br>rythme de la Maison, d\u00e9couvrir ses limites, partager ses ressentis, initier<br>la vie fraternelle, mettre en place les ateliers, d\u00e9couvrir ses talents,<br>ouvrir son coeur \u00e0 l\u2019\u00e9coute de la Parole, \u00e9couter, accompagner\u2026 On ne<br>s\u2019ennuie pas !<\/p>\n\n\n\n<figure class=\"wp-block-image size-full\"><img loading=\"lazy\" decoding=\"async\" width=\"921\" height=\"464\" src=\"https:\/\/villagesaintjoseph.org\/saintefamille\/wp-content\/uploads\/sites\/15\/2026\/09\/Capture-decran-2026-09-01-213426.png\" alt=\"\" class=\"wp-image-2958\" srcset=\"https:\/\/villagesaintjoseph.org\/saintefamille\/wp-content\/uploads\/sites\/15\/2026\/09\/Capture-decran-2026-09-01-213426.png 921w, https:\/\/villagesaintjoseph.org\/saintefamille\/wp-content\/uploads\/sites\/15\/2026\/09\/Capture-decran-2026-09-01-213426-300x151.png 300w, https:\/\/villagesaintjoseph.org\/saintefamille\/wp-content\/uploads\/sites\/15\/2026\/09\/Capture-decran-2026-09-01-213426-768x387.png 768w, https:\/\/villagesaintjoseph.org\/saintefamille\/wp-content\/uploads\/sites\/15\/2026\/09\/Capture-decran-2026-09-01-213426-50x25.png 50w\" sizes=\"auto, (max-width: 921px) 100vw, 921px\" \/><\/figure>\n\n\n","protected":false},"excerpt":{"rendered":"<p>Depuis le 19 janvier, nous avons commenc\u00e9 l\u2019accueil: la premi\u00e8re semainea \u00e9t\u00e9 intense: 3 personnes accueillies \u00e0 quelques jours d\u2019intervalle.Apprendre \u00e0 se conna\u00eetre, d\u00e9couvrir et int\u00e9grer les r\u00e8gles de vie et lerythme de la Maison, d\u00e9couvrir ses limites, partager ses ressentis, initierla vie fraternelle, mettre en place les ateliers, d\u00e9couvrir ses talents,ouvrir son coeur \u00e0 [&hellip;]<\/p>\n","protected":false},"author":28,"featured_media":0,"comment_status":"closed","ping_status":"closed","sticky":false,"template":"","format":"standard","meta":{"inline_featured_image":false,"footnotes":""},"categories":[2],"class_list":["post-2956","post","type-post","status-publish","format-standard","hentry","category-actualites"],"acf":[],"yoast_head":"<!-- This site is optimized with the Yoast SEO plugin v28.4 - https:\/\/yoast.com\/product\/yoast-seo-wordpress\/ -->\n<title>Debut de l&#039;accueil - Janv 2026 - Maison Sainte Famille<\/title>\n<meta name=\"robots\" content=\"index, follow, max-snippet:-1, max-image-preview:large, max-video-preview:-1\" \/>\n<link rel=\"canonical\" href=\"https:\/\/villagesaintjoseph.org\/saintefamille\/2026\/09\/01\/debut-de-laccueil-janv-2026\/\" \/>\n<meta property=\"og:locale\" content=\"fr_FR\" \/>\n<meta property=\"og:type\" content=\"article\" \/>\n<meta property=\"og:title\" content=\"Debut de l&#039;accueil - Janv 2026 - Maison Sainte Famille\" \/>\n<meta property=\"og:description\" content=\"Depuis le 19 janvier, nous avons commenc\u00e9 l\u2019accueil: la premi\u00e8re semainea \u00e9t\u00e9 intense: 3 personnes accueillies \u00e0 quelques jours d\u2019intervalle.Apprendre \u00e0 se conna\u00eetre, d\u00e9couvrir et int\u00e9grer les r\u00e8gles de vie et lerythme de la Maison, d\u00e9couvrir ses limites, partager ses ressentis, initierla vie fraternelle, mettre en place les ateliers, d\u00e9couvrir ses talents,ouvrir son coeur \u00e0 [&hellip;]\" \/>\n<meta property=\"og:url\" content=\"https:\/\/villagesaintjoseph.org\/saintefamille\/2026\/09\/01\/debut-de-laccueil-janv-2026\/\" \/>\n<meta property=\"og:site_name\" content=\"Maison Sainte Famille\" \/>\n<meta property=\"article:published_time\" content=\"2026-09-01T19:43:07+00:00\" \/>\n<meta property=\"article:modified_time\" content=\"2026-09-01T20:31:20+00:00\" \/>\n<meta property=\"og:image\" content=\"https:\/\/villagesaintjoseph.org\/saintefamille\/wp-content\/uploads\/sites\/15\/2026\/09\/Capture-decran-2026-09-01-213426.png\" \/>\n\t<meta property=\"og:image:width\" content=\"921\" \/>\n\t<meta property=\"og:image:height\" content=\"464\" \/>\n\t<meta property=\"og:image:type\" content=\"image\/png\" \/>\n<meta name=\"author\" content=\"saintefamille\" \/>\n<meta name=\"twitter:card\" content=\"summary_large_image\" \/>\n<meta name=\"twitter:label1\" content=\"\u00c9crit par\" \/>\n\t<meta name=\"twitter:data1\" content=\"saintefamille\" \/>\n<script type=\"application\/ld+json\" class=\"yoast-schema-graph\">{\"@context\":\"https:\\\/\\\/schema.org\",\"@graph\":[{\"@type\":\"Article\",\"@id\":\"https:\\\/\\\/villagesaintjoseph.org\\\/saintefamille\\\/2026\\\/09\\\/01\\\/debut-de-laccueil-janv-2026\\\/#article\",\"isPartOf\":{\"@id\":\"https:\\\/\\\/villagesaintjoseph.org\\\/saintefamille\\\/2026\\\/09\\\/01\\\/debut-de-laccueil-janv-2026\\\/\"},\"author\":{\"name\":\"saintefamille\",\"@id\":\"https:\\\/\\\/villagesaintjoseph.org\\\/saintefamille\\\/#\\\/schema\\\/person\\\/4eae8cb36e58aadcb2c2521e2289710c\"},\"headline\":\"Debut de l&rsquo;accueil &#8211; Janv 2026\",\"datePublished\":\"2026-09-01T19:43:07+00:00\",\"dateModified\":\"2026-09-01T20:31:20+00:00\",\"mainEntityOfPage\":{\"@id\":\"https:\\\/\\\/villagesaintjoseph.org\\\/saintefamille\\\/2026\\\/09\\\/01\\\/debut-de-laccueil-janv-2026\\\/\"},\"wordCount\":77,\"image\":{\"@id\":\"https:\\\/\\\/villagesaintjoseph.org\\\/saintefamille\\\/2026\\\/09\\\/01\\\/debut-de-laccueil-janv-2026\\\/#primaryimage\"},\"thumbnailUrl\":\"https:\\\/\\\/villagesaintjoseph.org\\\/saintefamille\\\/wp-content\\\/uploads\\\/sites\\\/15\\\/2026\\\/09\\\/Capture-decran-2026-09-01-213426.png\",\"articleSection\":[\"Actualit\u00e9s\"],\"inLanguage\":\"fr-FR\"},{\"@type\":\"WebPage\",\"@id\":\"https:\\\/\\\/villagesaintjoseph.org\\\/saintefamille\\\/2026\\\/09\\\/01\\\/debut-de-laccueil-janv-2026\\\/\",\"url\":\"https:\\\/\\\/villagesaintjoseph.org\\\/saintefamille\\\/2026\\\/09\\\/01\\\/debut-de-laccueil-janv-2026\\\/\",\"name\":\"Debut de l'accueil - Janv 2026 - Maison Sainte Famille\",\"isPartOf\":{\"@id\":\"https:\\\/\\\/villagesaintjoseph.org\\\/saintefamille\\\/#website\"},\"primaryImageOfPage\":{\"@id\":\"https:\\\/\\\/villagesaintjoseph.org\\\/saintefamille\\\/2026\\\/09\\\/01\\\/debut-de-laccueil-janv-2026\\\/#primaryimage\"},\"image\":{\"@id\":\"https:\\\/\\\/villagesaintjoseph.org\\\/saintefamille\\\/2026\\\/09\\\/01\\\/debut-de-laccueil-janv-2026\\\/#primaryimage\"},\"thumbnailUrl\":\"https:\\\/\\\/villagesaintjoseph.org\\\/saintefamille\\\/wp-content\\\/uploads\\\/sites\\\/15\\\/2026\\\/09\\\/Capture-decran-2026-09-01-213426.png\",\"datePublished\":\"2026-09-01T19:43:07+00:00\",\"dateModified\":\"2026-09-01T20:31:20+00:00\",\"author\":{\"@id\":\"https:\\\/\\\/villagesaintjoseph.org\\\/saintefamille\\\/#\\\/schema\\\/person\\\/4eae8cb36e58aadcb2c2521e2289710c\"},\"breadcrumb\":{\"@id\":\"https:\\\/\\\/villagesaintjoseph.org\\\/saintefamille\\\/2026\\\/09\\\/01\\\/debut-de-laccueil-janv-2026\\\/#breadcrumb\"},\"inLanguage\":\"fr-FR\",\"potentialAction\":[{\"@type\":\"ReadAction\",\"target\":[\"https:\\\/\\\/villagesaintjoseph.org\\\/saintefamille\\\/2026\\\/09\\\/01\\\/debut-de-laccueil-janv-2026\\\/\"]}]},{\"@type\":\"ImageObject\",\"inLanguage\":\"fr-FR\",\"@id\":\"https:\\\/\\\/villagesaintjoseph.org\\\/saintefamille\\\/2026\\\/09\\\/01\\\/debut-de-laccueil-janv-2026\\\/#primaryimage\",\"url\":\"https:\\\/\\\/villagesaintjoseph.org\\\/saintefamille\\\/wp-content\\\/uploads\\\/sites\\\/15\\\/2026\\\/09\\\/Capture-decran-2026-09-01-213426.png\",\"contentUrl\":\"https:\\\/\\\/villagesaintjoseph.org\\\/saintefamille\\\/wp-content\\\/uploads\\\/sites\\\/15\\\/2026\\\/09\\\/Capture-decran-2026-09-01-213426.png\",\"width\":921,\"height\":464},{\"@type\":\"BreadcrumbList\",\"@id\":\"https:\\\/\\\/villagesaintjoseph.org\\\/saintefamille\\\/2026\\\/09\\\/01\\\/debut-de-laccueil-janv-2026\\\/#breadcrumb\",\"itemListElement\":[{\"@type\":\"ListItem\",\"position\":1,\"name\":\"Accueil\",\"item\":\"https:\\\/\\\/villagesaintjoseph.org\\\/saintefamille\\\/\"},{\"@type\":\"ListItem\",\"position\":2,\"name\":\"Debut de l&rsquo;accueil &#8211; Janv 2026\"}]},{\"@type\":\"WebSite\",\"@id\":\"https:\\\/\\\/villagesaintjoseph.org\\\/saintefamille\\\/#website\",\"url\":\"https:\\\/\\\/villagesaintjoseph.org\\\/saintefamille\\\/\",\"name\":\"Maison Sainte Famille\",\"description\":\"\",\"potentialAction\":[{\"@type\":\"SearchAction\",\"target\":{\"@type\":\"EntryPoint\",\"urlTemplate\":\"https:\\\/\\\/villagesaintjoseph.org\\\/saintefamille\\\/?s={search_term_string}\"},\"query-input\":{\"@type\":\"PropertyValueSpecification\",\"valueRequired\":true,\"valueName\":\"search_term_string\"}}],\"inLanguage\":\"fr-FR\"},{\"@type\":\"Person\",\"@id\":\"https:\\\/\\\/villagesaintjoseph.org\\\/saintefamille\\\/#\\\/schema\\\/person\\\/4eae8cb36e58aadcb2c2521e2289710c\",\"name\":\"saintefamille\",\"image\":{\"@type\":\"ImageObject\",\"inLanguage\":\"fr-FR\",\"@id\":\"https:\\\/\\\/secure.gravatar.com\\\/avatar\\\/90c6b9293638f3a6a8e1caa5b0c27c497511eadebe83bf4e3f6f16970c021924?s=96&d=mm&r=g\",\"url\":\"https:\\\/\\\/secure.gravatar.com\\\/avatar\\\/90c6b9293638f3a6a8e1caa5b0c27c497511eadebe83bf4e3f6f16970c021924?s=96&d=mm&r=g\",\"contentUrl\":\"https:\\\/\\\/secure.gravatar.com\\\/avatar\\\/90c6b9293638f3a6a8e1caa5b0c27c497511eadebe83bf4e3f6f16970c021924?s=96&d=mm&r=g\",\"caption\":\"saintefamille\"},\"url\":\"https:\\\/\\\/villagesaintjoseph.org\\\/saintefamille\\\/author\\\/saintefamille\\\/\"}]}<\/script>\n<!-- \/ Yoast SEO plugin. -->","yoast_head_json":{"title":"Debut de l'accueil - Janv 2026 - Maison Sainte Famille","robots":{"index":"index","follow":"follow","max-snippet":"max-snippet:-1","max-image-preview":"max-image-preview:large","max-video-preview":"max-video-preview:-1"},"canonical":"https:\/\/villagesaintjoseph.org\/saintefamille\/2026\/09\/01\/debut-de-laccueil-janv-2026\/","og_locale":"fr_FR","og_type":"article","og_title":"Debut de l'accueil - Janv 2026 - Maison Sainte Famille","og_description":"Depuis le 19 janvier, nous avons commenc\u00e9 l\u2019accueil: la premi\u00e8re semainea \u00e9t\u00e9 intense: 3 personnes accueillies \u00e0 quelques jours d\u2019intervalle.Apprendre \u00e0 se conna\u00eetre, d\u00e9couvrir et int\u00e9grer les r\u00e8gles de vie et lerythme de la Maison, d\u00e9couvrir ses limites, partager ses ressentis, initierla vie fraternelle, mettre en place les ateliers, d\u00e9couvrir ses talents,ouvrir son coeur \u00e0 [&hellip;]","og_url":"https:\/\/villagesaintjoseph.org\/saintefamille\/2026\/09\/01\/debut-de-laccueil-janv-2026\/","og_site_name":"Maison Sainte Famille","article_published_time":"2026-09-01T19:43:07+00:00","article_modified_time":"2026-09-01T20:31:20+00:00","og_image":[{"width":921,"height":464,"url":"https:\/\/villagesaintjoseph.org\/saintefamille\/wp-content\/uploads\/sites\/15\/2026\/09\/Capture-decran-2026-09-01-213426.png","type":"image\/png"}],"author":"saintefamille","twitter_card":"summary_large_image","twitter_misc":{"\u00c9crit par":"saintefamille"},"schema":{"@context":"https:\/\/schema.org","@graph":[{"@type":"Article","@id":"https:\/\/villagesaintjoseph.org\/saintefamille\/2026\/09\/01\/debut-de-laccueil-janv-2026\/#article","isPartOf":{"@id":"https:\/\/villagesaintjoseph.org\/saintefamille\/2026\/09\/01\/debut-de-laccueil-janv-2026\/"},"author":{"name":"saintefamille","@id":"https:\/\/villagesaintjoseph.org\/saintefamille\/#\/schema\/person\/4eae8cb36e58aadcb2c2521e2289710c"},"headline":"Debut de l&rsquo;accueil &#8211; Janv 2026","datePublished":"2026-09-01T19:43:07+00:00","dateModified":"2026-09-01T20:31:20+00:00","mainEntityOfPage":{"@id":"https:\/\/villagesaintjoseph.org\/saintefamille\/2026\/09\/01\/debut-de-laccueil-janv-2026\/"},"wordCount":77,"image":{"@id":"https:\/\/villagesaintjoseph.org\/saintefamille\/2026\/09\/01\/debut-de-laccueil-janv-2026\/#primaryimage"},"thumbnailUrl":"https:\/\/villagesaintjoseph.org\/saintefamille\/wp-content\/uploads\/sites\/15\/2026\/09\/Capture-decran-2026-09-01-213426.png","articleSection":["Actualit\u00e9s"],"inLanguage":"fr-FR"},{"@type":"WebPage","@id":"https:\/\/villagesaintjoseph.org\/saintefamille\/2026\/09\/01\/debut-de-laccueil-janv-2026\/","url":"https:\/\/villagesaintjoseph.org\/saintefamille\/2026\/09\/01\/debut-de-laccueil-janv-2026\/","name":"Debut de l'accueil - Janv 2026 - Maison Sainte Famille","isPartOf":{"@id":"https:\/\/villagesaintjoseph.org\/saintefamille\/#website"},"primaryImageOfPage":{"@id":"https:\/\/villagesaintjoseph.org\/saintefamille\/2026\/09\/01\/debut-de-laccueil-janv-2026\/#primaryimage"},"image":{"@id":"https:\/\/villagesaintjoseph.org\/saintefamille\/2026\/09\/01\/debut-de-laccueil-janv-2026\/#primaryimage"},"thumbnailUrl":"https:\/\/villagesaintjoseph.org\/saintefamille\/wp-content\/uploads\/sites\/15\/2026\/09\/Capture-decran-2026-09-01-213426.png","datePublished":"2026-09-01T19:43:07+00:00","dateModified":"2026-09-01T20:31:20+00:00","author":{"@id":"https:\/\/villagesaintjoseph.org\/saintefamille\/#\/schema\/person\/4eae8cb36e58aadcb2c2521e2289710c"},"breadcrumb":{"@id":"https:\/\/villagesaintjoseph.org\/saintefamille\/2026\/09\/01\/debut-de-laccueil-janv-2026\/#breadcrumb"},"inLanguage":"fr-FR","potentialAction":[{"@type":"ReadAction","target":["https:\/\/villagesaintjoseph.org\/saintefamille\/2026\/09\/01\/debut-de-laccueil-janv-2026\/"]}]},{"@type":"ImageObject","inLanguage":"fr-FR","@id":"https:\/\/villagesaintjoseph.org\/saintefamille\/2026\/09\/01\/debut-de-laccueil-janv-2026\/#primaryimage","url":"https:\/\/villagesaintjoseph.org\/saintefamille\/wp-content\/uploads\/sites\/15\/2026\/09\/Capture-decran-2026-09-01-213426.png","contentUrl":"https:\/\/villagesaintjoseph.org\/saintefamille\/wp-content\/uploads\/sites\/15\/2026\/09\/Capture-decran-2026-09-01-213426.png","width":921,"height":464},{"@type":"BreadcrumbList","@id":"https:\/\/villagesaintjoseph.org\/saintefamille\/2026\/09\/01\/debut-de-laccueil-janv-2026\/#breadcrumb","itemListElement":[{"@type":"ListItem","position":1,"name":"Accueil","item":"https:\/\/villagesaintjoseph.org\/saintefamille\/"},{"@type":"ListItem","position":2,"name":"Debut de l&rsquo;accueil &#8211; Janv 2026"}]},{"@type":"WebSite","@id":"https:\/\/villagesaintjoseph.org\/saintefamille\/#website","url":"https:\/\/villagesaintjoseph.org\/saintefamille\/","name":"Maison Sainte Famille","description":"","potentialAction":[{"@type":"SearchAction","target":{"@type":"EntryPoint","urlTemplate":"https:\/\/villagesaintjoseph.org\/saintefamille\/?s={search_term_string}"},"query-input":{"@type":"PropertyValueSpecification","valueRequired":true,"valueName":"search_term_string"}}],"inLanguage":"fr-FR"},{"@type":"Person","@id":"https:\/\/villagesaintjoseph.org\/saintefamille\/#\/schema\/person\/4eae8cb36e58aadcb2c2521e2289710c","name":"saintefamille","image":{"@type":"ImageObject","inLanguage":"fr-FR","@id":"https:\/\/secure.gravatar.com\/avatar\/90c6b9293638f3a6a8e1caa5b0c27c497511eadebe83bf4e3f6f16970c021924?s=96&d=mm&r=g","url":"https:\/\/secure.gravatar.com\/avatar\/90c6b9293638f3a6a8e1caa5b0c27c497511eadebe83bf4e3f6f16970c021924?s=96&d=mm&r=g","contentUrl":"https:\/\/secure.gravatar.com\/avatar\/90c6b9293638f3a6a8e1caa5b0c27c497511eadebe83bf4e3f6f16970c021924?s=96&d=mm&r=g","caption":"saintefamille"},"url":"https:\/\/villagesaintjoseph.org\/saintefamille\/author\/saintefamille\/"}]}},"_links":{"self":[{"href":"https:\/\/villagesaintjoseph.org\/saintefamille\/wp-json\/wp\/v2\/posts\/2956","targetHints":{"allow":["GET"]}}],"collection":[{"href":"https:\/\/villagesaintjoseph.org\/saintefamille\/wp-json\/wp\/v2\/posts"}],"about":[{"href":"https:\/\/villagesaintjoseph.org\/saintefamille\/wp-json\/wp\/v2\/types\/post"}],"author":[{"embeddable":true,"href":"https:\/\/villagesaintjoseph.org\/saintefamille\/wp-json\/wp\/v2\/users\/28"}],"replies":[{"embeddable":true,"href":"https:\/\/villagesaintjoseph.org\/saintefamille\/wp-json\/wp\/v2\/comments?post=2956"}],"version-history":[{"count":3,"href":"https:\/\/villagesaintjoseph.org\/saintefamille\/wp-json\/wp\/v2\/posts\/2956\/revisions"}],"predecessor-version":[{"id":2960,"href":"https:\/\/villagesaintjoseph.org\/saintefamille\/wp-json\/wp\/v2\/posts\/2956\/revisions\/2960"}],"wp:attachment":[{"href":"https:\/\/villagesaintjoseph.org\/saintefamille\/wp-json\/wp\/v2\/media?parent=2956"}],"wp:term":[{"taxonomy":"category","embeddable":true,"href":"https:\/\/villagesaintjoseph.org\/saintefamille\/wp-json\/wp\/v2\/categories?post=2956"}],"curies":[{"name":"wp","href":"https:\/\/api.w.org\/{rel}","templated":true}]}}