{"id":2962,"date":"2026-09-01T21:49:02","date_gmt":"2026-09-01T19:49:02","guid":{"rendered":"https:\/\/villagesaintjoseph.org\/saintefamille\/?p=2962"},"modified":"2026-09-01T22:30:43","modified_gmt":"2026-09-01T20:30:43","slug":"mai-juin-2026","status":"publish","type":"post","link":"https:\/\/villagesaintjoseph.org\/saintefamille\/2026\/09\/01\/mai-juin-2026\/","title":{"rendered":"Mai-Juin 2026"},"content":{"rendered":"\n<p>A l\u2019heure o\u00f9 nous \u00e9crivons, le mois de mai, celui de Marie, touche \u00e0 sa fin. C\u00f4t\u00e9<br>m\u00e9t\u00e9o du ciel il aura \u00e9t\u00e9 tr\u00e8s chaud et tr\u00e8s froid, c\u00f4t\u00e9 m\u00e9t\u00e9o des coeurs il a suivi<br>les m\u00eames variations. Les blessures et fragilit\u00e9s de nos fr\u00e8res et soeurs sont parfois<br>si vives que la vie en communaut\u00e9, en famille n\u2019est pas possible dans la dur\u00e9e\u2026en<br>tout cas, pas pour l\u2019instant, pas comme nous l\u2019aurions esp\u00e9r\u00e9. C\u2019est la libert\u00e9 de<br>chacun. D\u00e9parts successifs douloureux donc, mais aussi dans une m\u00eame vague<br>accueil de Michel, re\u00e7u comme une b\u00e9n\u00e9diction dans ces jours en creux; gr\u00e2ce<br>suivie de pr\u00e8s de la Joie et de la Communion v\u00e9cues lors du WE de la F\u00e9d\u00e9ration<br>du Village Saint Joseph, rassembl\u00e9, uni pour 3 jours sur le Tiers-Lieu o\u00f9 nous<br>vivons: la Maison Sainte Croix. Amis, paroissiens, famille nous ont rejoint le 10<br>mai pour inaugurer notre Maison Sainte Famille: quelle f\u00eate! quelle joie! La Maison<br>et ses habitants ont re\u00e7u moultes b\u00e9n\u00e9dictions, pi\u00e8ce par pi\u00e8ce, dans tous les<br>recoins, comme pour ne laisser aucune emprise au mal, au doute, au d\u00e9sespoir: un<br>encouragement \u00e0 poursuivre la Mission! Deo Gratia!<\/p>\n\n\n\n<figure class=\"wp-block-gallery has-nested-images columns-default is-cropped wp-block-gallery-1 is-layout-flex wp-block-gallery-is-layout-flex\">\n<figure class=\"wp-block-image size-large\"><img loading=\"lazy\" decoding=\"async\" width=\"920\" height=\"136\" data-id=\"2963\" src=\"https:\/\/villagesaintjoseph.org\/saintefamille\/wp-content\/uploads\/sites\/15\/2026\/09\/mai-juin.png\" alt=\"\" class=\"wp-image-2963\" srcset=\"https:\/\/villagesaintjoseph.org\/saintefamille\/wp-content\/uploads\/sites\/15\/2026\/09\/mai-juin.png 920w, https:\/\/villagesaintjoseph.org\/saintefamille\/wp-content\/uploads\/sites\/15\/2026\/09\/mai-juin-300x44.png 300w, https:\/\/villagesaintjoseph.org\/saintefamille\/wp-content\/uploads\/sites\/15\/2026\/09\/mai-juin-768x114.png 768w, https:\/\/villagesaintjoseph.org\/saintefamille\/wp-content\/uploads\/sites\/15\/2026\/09\/mai-juin-50x7.png 50w\" sizes=\"auto, (max-width: 920px) 100vw, 920px\" \/><\/figure>\n<\/figure>\n\n\n\n<figure class=\"wp-block-image size-large\"><img loading=\"lazy\" decoding=\"async\" width=\"927\" height=\"315\" src=\"https:\/\/villagesaintjoseph.org\/saintefamille\/wp-content\/uploads\/sites\/15\/2026\/09\/mai-juin2.png\" alt=\"\" class=\"wp-image-2964\" srcset=\"https:\/\/villagesaintjoseph.org\/saintefamille\/wp-content\/uploads\/sites\/15\/2026\/09\/mai-juin2.png 927w, https:\/\/villagesaintjoseph.org\/saintefamille\/wp-content\/uploads\/sites\/15\/2026\/09\/mai-juin2-300x102.png 300w, https:\/\/villagesaintjoseph.org\/saintefamille\/wp-content\/uploads\/sites\/15\/2026\/09\/mai-juin2-768x261.png 768w, https:\/\/villagesaintjoseph.org\/saintefamille\/wp-content\/uploads\/sites\/15\/2026\/09\/mai-juin2-50x17.png 50w\" sizes=\"auto, (max-width: 927px) 100vw, 927px\" \/><\/figure>\n","protected":false},"excerpt":{"rendered":"<p>A l\u2019heure o\u00f9 nous \u00e9crivons, le mois de mai, celui de Marie, touche \u00e0 sa fin. C\u00f4t\u00e9m\u00e9t\u00e9o du ciel il aura \u00e9t\u00e9 tr\u00e8s chaud et tr\u00e8s froid, c\u00f4t\u00e9 m\u00e9t\u00e9o des coeurs il a suiviles m\u00eames variations. Les blessures et fragilit\u00e9s de nos fr\u00e8res et soeurs sont parfoissi vives que la vie en communaut\u00e9, en famille [&hellip;]<\/p>\n","protected":false},"author":28,"featured_media":0,"comment_status":"closed","ping_status":"closed","sticky":false,"template":"","format":"standard","meta":{"inline_featured_image":false,"footnotes":""},"categories":[2],"class_list":["post-2962","post","type-post","status-publish","format-standard","hentry","category-actualites"],"acf":[],"yoast_head":"<!-- This site is optimized with the Yoast SEO plugin v28.4 - https:\/\/yoast.com\/product\/yoast-seo-wordpress\/ -->\n<title>Mai-Juin 2026 - Maison Sainte Famille<\/title>\n<meta name=\"robots\" content=\"index, follow, max-snippet:-1, max-image-preview:large, max-video-preview:-1\" \/>\n<link rel=\"canonical\" href=\"https:\/\/villagesaintjoseph.org\/saintefamille\/2026\/09\/01\/mai-juin-2026\/\" \/>\n<meta property=\"og:locale\" content=\"fr_FR\" \/>\n<meta property=\"og:type\" content=\"article\" \/>\n<meta property=\"og:title\" content=\"Mai-Juin 2026 - Maison Sainte Famille\" \/>\n<meta property=\"og:description\" content=\"A l\u2019heure o\u00f9 nous \u00e9crivons, le mois de mai, celui de Marie, touche \u00e0 sa fin. C\u00f4t\u00e9m\u00e9t\u00e9o du ciel il aura \u00e9t\u00e9 tr\u00e8s chaud et tr\u00e8s froid, c\u00f4t\u00e9 m\u00e9t\u00e9o des coeurs il a suiviles m\u00eames variations. Les blessures et fragilit\u00e9s de nos fr\u00e8res et soeurs sont parfoissi vives que la vie en communaut\u00e9, en famille [&hellip;]\" \/>\n<meta property=\"og:url\" content=\"https:\/\/villagesaintjoseph.org\/saintefamille\/2026\/09\/01\/mai-juin-2026\/\" \/>\n<meta property=\"og:site_name\" content=\"Maison Sainte Famille\" \/>\n<meta property=\"article:published_time\" content=\"2026-09-01T19:49:02+00:00\" \/>\n<meta property=\"article:modified_time\" content=\"2026-09-01T20:30:43+00:00\" \/>\n<meta property=\"og:image\" content=\"https:\/\/villagesaintjoseph.org\/saintefamille\/wp-content\/uploads\/sites\/15\/2026\/09\/mai-juin.png\" \/>\n\t<meta property=\"og:image:width\" content=\"920\" \/>\n\t<meta property=\"og:image:height\" content=\"136\" \/>\n\t<meta property=\"og:image:type\" content=\"image\/png\" \/>\n<meta name=\"author\" content=\"saintefamille\" \/>\n<meta name=\"twitter:card\" content=\"summary_large_image\" \/>\n<meta name=\"twitter:label1\" content=\"\u00c9crit par\" \/>\n\t<meta name=\"twitter:data1\" content=\"saintefamille\" \/>\n\t<meta name=\"twitter:label2\" content=\"Dur\u00e9e de lecture estim\u00e9e\" \/>\n\t<meta name=\"twitter:data2\" content=\"1 minute\" \/>\n<script type=\"application\/ld+json\" class=\"yoast-schema-graph\">{\"@context\":\"https:\\\/\\\/schema.org\",\"@graph\":[{\"@type\":\"Article\",\"@id\":\"https:\\\/\\\/villagesaintjoseph.org\\\/saintefamille\\\/2026\\\/09\\\/01\\\/mai-juin-2026\\\/#article\",\"isPartOf\":{\"@id\":\"https:\\\/\\\/villagesaintjoseph.org\\\/saintefamille\\\/2026\\\/09\\\/01\\\/mai-juin-2026\\\/\"},\"author\":{\"name\":\"saintefamille\",\"@id\":\"https:\\\/\\\/villagesaintjoseph.org\\\/saintefamille\\\/#\\\/schema\\\/person\\\/4eae8cb36e58aadcb2c2521e2289710c\"},\"headline\":\"Mai-Juin 2026\",\"datePublished\":\"2026-09-01T19:49:02+00:00\",\"dateModified\":\"2026-09-01T20:30:43+00:00\",\"mainEntityOfPage\":{\"@id\":\"https:\\\/\\\/villagesaintjoseph.org\\\/saintefamille\\\/2026\\\/09\\\/01\\\/mai-juin-2026\\\/\"},\"wordCount\":215,\"image\":{\"@id\":\"https:\\\/\\\/villagesaintjoseph.org\\\/saintefamille\\\/2026\\\/09\\\/01\\\/mai-juin-2026\\\/#primaryimage\"},\"thumbnailUrl\":\"https:\\\/\\\/villagesaintjoseph.org\\\/saintefamille\\\/wp-content\\\/uploads\\\/sites\\\/15\\\/2026\\\/09\\\/mai-juin.png\",\"articleSection\":[\"Actualit\u00e9s\"],\"inLanguage\":\"fr-FR\"},{\"@type\":\"WebPage\",\"@id\":\"https:\\\/\\\/villagesaintjoseph.org\\\/saintefamille\\\/2026\\\/09\\\/01\\\/mai-juin-2026\\\/\",\"url\":\"https:\\\/\\\/villagesaintjoseph.org\\\/saintefamille\\\/2026\\\/09\\\/01\\\/mai-juin-2026\\\/\",\"name\":\"Mai-Juin 2026 - Maison Sainte Famille\",\"isPartOf\":{\"@id\":\"https:\\\/\\\/villagesaintjoseph.org\\\/saintefamille\\\/#website\"},\"primaryImageOfPage\":{\"@id\":\"https:\\\/\\\/villagesaintjoseph.org\\\/saintefamille\\\/2026\\\/09\\\/01\\\/mai-juin-2026\\\/#primaryimage\"},\"image\":{\"@id\":\"https:\\\/\\\/villagesaintjoseph.org\\\/saintefamille\\\/2026\\\/09\\\/01\\\/mai-juin-2026\\\/#primaryimage\"},\"thumbnailUrl\":\"https:\\\/\\\/villagesaintjoseph.org\\\/saintefamille\\\/wp-content\\\/uploads\\\/sites\\\/15\\\/2026\\\/09\\\/mai-juin.png\",\"datePublished\":\"2026-09-01T19:49:02+00:00\",\"dateModified\":\"2026-09-01T20:30:43+00:00\",\"author\":{\"@id\":\"https:\\\/\\\/villagesaintjoseph.org\\\/saintefamille\\\/#\\\/schema\\\/person\\\/4eae8cb36e58aadcb2c2521e2289710c\"},\"breadcrumb\":{\"@id\":\"https:\\\/\\\/villagesaintjoseph.org\\\/saintefamille\\\/2026\\\/09\\\/01\\\/mai-juin-2026\\\/#breadcrumb\"},\"inLanguage\":\"fr-FR\",\"potentialAction\":[{\"@type\":\"ReadAction\",\"target\":[\"https:\\\/\\\/villagesaintjoseph.org\\\/saintefamille\\\/2026\\\/09\\\/01\\\/mai-juin-2026\\\/\"]}]},{\"@type\":\"ImageObject\",\"inLanguage\":\"fr-FR\",\"@id\":\"https:\\\/\\\/villagesaintjoseph.org\\\/saintefamille\\\/2026\\\/09\\\/01\\\/mai-juin-2026\\\/#primaryimage\",\"url\":\"https:\\\/\\\/villagesaintjoseph.org\\\/saintefamille\\\/wp-content\\\/uploads\\\/sites\\\/15\\\/2026\\\/09\\\/mai-juin.png\",\"contentUrl\":\"https:\\\/\\\/villagesaintjoseph.org\\\/saintefamille\\\/wp-content\\\/uploads\\\/sites\\\/15\\\/2026\\\/09\\\/mai-juin.png\",\"width\":920,\"height\":136},{\"@type\":\"BreadcrumbList\",\"@id\":\"https:\\\/\\\/villagesaintjoseph.org\\\/saintefamille\\\/2026\\\/09\\\/01\\\/mai-juin-2026\\\/#breadcrumb\",\"itemListElement\":[{\"@type\":\"ListItem\",\"position\":1,\"name\":\"Accueil\",\"item\":\"https:\\\/\\\/villagesaintjoseph.org\\\/saintefamille\\\/\"},{\"@type\":\"ListItem\",\"position\":2,\"name\":\"Mai-Juin 2026\"}]},{\"@type\":\"WebSite\",\"@id\":\"https:\\\/\\\/villagesaintjoseph.org\\\/saintefamille\\\/#website\",\"url\":\"https:\\\/\\\/villagesaintjoseph.org\\\/saintefamille\\\/\",\"name\":\"Maison Sainte Famille\",\"description\":\"\",\"potentialAction\":[{\"@type\":\"SearchAction\",\"target\":{\"@type\":\"EntryPoint\",\"urlTemplate\":\"https:\\\/\\\/villagesaintjoseph.org\\\/saintefamille\\\/?s={search_term_string}\"},\"query-input\":{\"@type\":\"PropertyValueSpecification\",\"valueRequired\":true,\"valueName\":\"search_term_string\"}}],\"inLanguage\":\"fr-FR\"},{\"@type\":\"Person\",\"@id\":\"https:\\\/\\\/villagesaintjoseph.org\\\/saintefamille\\\/#\\\/schema\\\/person\\\/4eae8cb36e58aadcb2c2521e2289710c\",\"name\":\"saintefamille\",\"image\":{\"@type\":\"ImageObject\",\"inLanguage\":\"fr-FR\",\"@id\":\"https:\\\/\\\/secure.gravatar.com\\\/avatar\\\/90c6b9293638f3a6a8e1caa5b0c27c497511eadebe83bf4e3f6f16970c021924?s=96&d=mm&r=g\",\"url\":\"https:\\\/\\\/secure.gravatar.com\\\/avatar\\\/90c6b9293638f3a6a8e1caa5b0c27c497511eadebe83bf4e3f6f16970c021924?s=96&d=mm&r=g\",\"contentUrl\":\"https:\\\/\\\/secure.gravatar.com\\\/avatar\\\/90c6b9293638f3a6a8e1caa5b0c27c497511eadebe83bf4e3f6f16970c021924?s=96&d=mm&r=g\",\"caption\":\"saintefamille\"},\"url\":\"https:\\\/\\\/villagesaintjoseph.org\\\/saintefamille\\\/author\\\/saintefamille\\\/\"}]}<\/script>\n<!-- \/ Yoast SEO plugin. -->","yoast_head_json":{"title":"Mai-Juin 2026 - Maison Sainte Famille","robots":{"index":"index","follow":"follow","max-snippet":"max-snippet:-1","max-image-preview":"max-image-preview:large","max-video-preview":"max-video-preview:-1"},"canonical":"https:\/\/villagesaintjoseph.org\/saintefamille\/2026\/09\/01\/mai-juin-2026\/","og_locale":"fr_FR","og_type":"article","og_title":"Mai-Juin 2026 - Maison Sainte Famille","og_description":"A l\u2019heure o\u00f9 nous \u00e9crivons, le mois de mai, celui de Marie, touche \u00e0 sa fin. C\u00f4t\u00e9m\u00e9t\u00e9o du ciel il aura \u00e9t\u00e9 tr\u00e8s chaud et tr\u00e8s froid, c\u00f4t\u00e9 m\u00e9t\u00e9o des coeurs il a suiviles m\u00eames variations. Les blessures et fragilit\u00e9s de nos fr\u00e8res et soeurs sont parfoissi vives que la vie en communaut\u00e9, en famille [&hellip;]","og_url":"https:\/\/villagesaintjoseph.org\/saintefamille\/2026\/09\/01\/mai-juin-2026\/","og_site_name":"Maison Sainte Famille","article_published_time":"2026-09-01T19:49:02+00:00","article_modified_time":"2026-09-01T20:30:43+00:00","og_image":[{"width":920,"height":136,"url":"https:\/\/villagesaintjoseph.org\/saintefamille\/wp-content\/uploads\/sites\/15\/2026\/09\/mai-juin.png","type":"image\/png"}],"author":"saintefamille","twitter_card":"summary_large_image","twitter_misc":{"\u00c9crit par":"saintefamille","Dur\u00e9e de lecture estim\u00e9e":"1 minute"},"schema":{"@context":"https:\/\/schema.org","@graph":[{"@type":"Article","@id":"https:\/\/villagesaintjoseph.org\/saintefamille\/2026\/09\/01\/mai-juin-2026\/#article","isPartOf":{"@id":"https:\/\/villagesaintjoseph.org\/saintefamille\/2026\/09\/01\/mai-juin-2026\/"},"author":{"name":"saintefamille","@id":"https:\/\/villagesaintjoseph.org\/saintefamille\/#\/schema\/person\/4eae8cb36e58aadcb2c2521e2289710c"},"headline":"Mai-Juin 2026","datePublished":"2026-09-01T19:49:02+00:00","dateModified":"2026-09-01T20:30:43+00:00","mainEntityOfPage":{"@id":"https:\/\/villagesaintjoseph.org\/saintefamille\/2026\/09\/01\/mai-juin-2026\/"},"wordCount":215,"image":{"@id":"https:\/\/villagesaintjoseph.org\/saintefamille\/2026\/09\/01\/mai-juin-2026\/#primaryimage"},"thumbnailUrl":"https:\/\/villagesaintjoseph.org\/saintefamille\/wp-content\/uploads\/sites\/15\/2026\/09\/mai-juin.png","articleSection":["Actualit\u00e9s"],"inLanguage":"fr-FR"},{"@type":"WebPage","@id":"https:\/\/villagesaintjoseph.org\/saintefamille\/2026\/09\/01\/mai-juin-2026\/","url":"https:\/\/villagesaintjoseph.org\/saintefamille\/2026\/09\/01\/mai-juin-2026\/","name":"Mai-Juin 2026 - Maison Sainte Famille","isPartOf":{"@id":"https:\/\/villagesaintjoseph.org\/saintefamille\/#website"},"primaryImageOfPage":{"@id":"https:\/\/villagesaintjoseph.org\/saintefamille\/2026\/09\/01\/mai-juin-2026\/#primaryimage"},"image":{"@id":"https:\/\/villagesaintjoseph.org\/saintefamille\/2026\/09\/01\/mai-juin-2026\/#primaryimage"},"thumbnailUrl":"https:\/\/villagesaintjoseph.org\/saintefamille\/wp-content\/uploads\/sites\/15\/2026\/09\/mai-juin.png","datePublished":"2026-09-01T19:49:02+00:00","dateModified":"2026-09-01T20:30:43+00:00","author":{"@id":"https:\/\/villagesaintjoseph.org\/saintefamille\/#\/schema\/person\/4eae8cb36e58aadcb2c2521e2289710c"},"breadcrumb":{"@id":"https:\/\/villagesaintjoseph.org\/saintefamille\/2026\/09\/01\/mai-juin-2026\/#breadcrumb"},"inLanguage":"fr-FR","potentialAction":[{"@type":"ReadAction","target":["https:\/\/villagesaintjoseph.org\/saintefamille\/2026\/09\/01\/mai-juin-2026\/"]}]},{"@type":"ImageObject","inLanguage":"fr-FR","@id":"https:\/\/villagesaintjoseph.org\/saintefamille\/2026\/09\/01\/mai-juin-2026\/#primaryimage","url":"https:\/\/villagesaintjoseph.org\/saintefamille\/wp-content\/uploads\/sites\/15\/2026\/09\/mai-juin.png","contentUrl":"https:\/\/villagesaintjoseph.org\/saintefamille\/wp-content\/uploads\/sites\/15\/2026\/09\/mai-juin.png","width":920,"height":136},{"@type":"BreadcrumbList","@id":"https:\/\/villagesaintjoseph.org\/saintefamille\/2026\/09\/01\/mai-juin-2026\/#breadcrumb","itemListElement":[{"@type":"ListItem","position":1,"name":"Accueil","item":"https:\/\/villagesaintjoseph.org\/saintefamille\/"},{"@type":"ListItem","position":2,"name":"Mai-Juin 2026"}]},{"@type":"WebSite","@id":"https:\/\/villagesaintjoseph.org\/saintefamille\/#website","url":"https:\/\/villagesaintjoseph.org\/saintefamille\/","name":"Maison Sainte Famille","description":"","potentialAction":[{"@type":"SearchAction","target":{"@type":"EntryPoint","urlTemplate":"https:\/\/villagesaintjoseph.org\/saintefamille\/?s={search_term_string}"},"query-input":{"@type":"PropertyValueSpecification","valueRequired":true,"valueName":"search_term_string"}}],"inLanguage":"fr-FR"},{"@type":"Person","@id":"https:\/\/villagesaintjoseph.org\/saintefamille\/#\/schema\/person\/4eae8cb36e58aadcb2c2521e2289710c","name":"saintefamille","image":{"@type":"ImageObject","inLanguage":"fr-FR","@id":"https:\/\/secure.gravatar.com\/avatar\/90c6b9293638f3a6a8e1caa5b0c27c497511eadebe83bf4e3f6f16970c021924?s=96&d=mm&r=g","url":"https:\/\/secure.gravatar.com\/avatar\/90c6b9293638f3a6a8e1caa5b0c27c497511eadebe83bf4e3f6f16970c021924?s=96&d=mm&r=g","contentUrl":"https:\/\/secure.gravatar.com\/avatar\/90c6b9293638f3a6a8e1caa5b0c27c497511eadebe83bf4e3f6f16970c021924?s=96&d=mm&r=g","caption":"saintefamille"},"url":"https:\/\/villagesaintjoseph.org\/saintefamille\/author\/saintefamille\/"}]}},"_links":{"self":[{"href":"https:\/\/villagesaintjoseph.org\/saintefamille\/wp-json\/wp\/v2\/posts\/2962","targetHints":{"allow":["GET"]}}],"collection":[{"href":"https:\/\/villagesaintjoseph.org\/saintefamille\/wp-json\/wp\/v2\/posts"}],"about":[{"href":"https:\/\/villagesaintjoseph.org\/saintefamille\/wp-json\/wp\/v2\/types\/post"}],"author":[{"embeddable":true,"href":"https:\/\/villagesaintjoseph.org\/saintefamille\/wp-json\/wp\/v2\/users\/28"}],"replies":[{"embeddable":true,"href":"https:\/\/villagesaintjoseph.org\/saintefamille\/wp-json\/wp\/v2\/comments?post=2962"}],"version-history":[{"count":1,"href":"https:\/\/villagesaintjoseph.org\/saintefamille\/wp-json\/wp\/v2\/posts\/2962\/revisions"}],"predecessor-version":[{"id":2965,"href":"https:\/\/villagesaintjoseph.org\/saintefamille\/wp-json\/wp\/v2\/posts\/2962\/revisions\/2965"}],"wp:attachment":[{"href":"https:\/\/villagesaintjoseph.org\/saintefamille\/wp-json\/wp\/v2\/media?parent=2962"}],"wp:term":[{"taxonomy":"category","embeddable":true,"href":"https:\/\/villagesaintjoseph.org\/saintefamille\/wp-json\/wp\/v2\/categories?post=2962"}],"curies":[{"name":"wp","href":"https:\/\/api.w.org\/{rel}","templated":true}]}}